{"id":1004,"date":"2025-10-02T04:47:21","date_gmt":"2025-10-02T10:47:21","guid":{"rendered":"https:\/\/girasolmultimedios.com\/portal\/?p=1004"},"modified":"2025-10-02T04:51:29","modified_gmt":"2025-10-02T10:51:29","slug":"cortes-de-energia-electrica-este-jueves-2-de-octubre-en-honduras","status":"publish","type":"post","link":"https:\/\/girasolmultimedios.com\/portal\/cortes-de-energia-electrica-este-jueves-2-de-octubre-en-honduras\/","title":{"rendered":"Cortes de energ\u00eda el\u00e9ctrica este jueves 2 de octubre en Honduras"},"content":{"rendered":"\n<p>La <strong>Empresa Nacional de Energ\u00eda El\u00e9ctrica (ENEE)<\/strong> inform\u00f3 que este jueves <strong>2 de octubre<\/strong> se realizar\u00e1 un corte temporal del servicio el\u00e9ctrico en diversas zonas de <strong>San Pedro Sula<\/strong>, debido a trabajos de <strong>mantenimiento programado<\/strong> en la red de distribuci\u00f3n.<\/p>\n\n\n\n<p>Seg\u00fan la entidad, las labores buscan <strong>mejorar la calidad del suministro<\/strong> y garantizar una red m\u00e1s estable para los usuarios en el mediano y largo plazo.<\/p>\n\n\n\n<h4 class=\"wp-block-heading\">Zonas sin energ\u00eda en San Pedro Sula este jueves 2 de octubre<\/h4>\n\n\n\n<p>En&nbsp;<strong>San Pedro Sula<\/strong>&nbsp;de 3:00 p.m. hasta las 5:30 p.m. las zonas de mantenimiento son la colonia La Trinidad, Triunfo de la Fe, Felipe Zelaya, Flor de Cuba, El Hogar I y II, Jos\u00e9 Manuel Arriaga I y II, Los Laureles, Roberto Larios Silva, Los Prados I, II, III y IV, Stradimsa, Bosques de Jucutuma I y II, Real del Campo II, la aldea Ticamaya, Villa Zolila, Flor del Valle, el caser\u00edo El Coyolar, el Aparta Hotel Villa Nuria, Astrocarden, Economed y el Centro Municipal Dagaz.<\/p>\n\n\n\n<p>Tambi\u00e9n se incluyen Palma Real IV y III, la f\u00e1brica Postela, Lear Calpules, Hondelisysi, la Central de Ingenios, la gasolinera UN El Tri\u00e1ngulo, Villa Dulce Hogar, Quintas del Bordeoal, Repartos Los \u00c1ngeles, Reparto La Esperanza Sur, River Hern\u00e1ndez, Coloso del Bordoal, Brisas del Sauce, la centralita Villas Rosalia ZIP Saint Andrews, San Andr\u00e9s de Mayo, La Chumbada, Santa Marta, La Monta\u00f1ita, La Frontera, los asentamientos humanos Cana\u00e1n, Las Torres, Las Palmas, Alfonso Guill\u00e9n Zelaya, R\u00edo Lindo IV, residencial Villaconsuelo, Nueva Galilea, Los Olivos, la aldea Guaym\u00f3n y Nueva Jerusal\u00e9n sector San Crist\u00f3bal.<\/p>\n\n\n\n<p>Hasta el momento, la <strong>Empresa Nacional de Energ\u00eda El\u00e9ctrica (ENEE)<\/strong> no ha publicado de forma oficial el calendario completo de cortes programados y trabajos de mantenimiento correspondientes al resto del mes de octubre, generando incertidumbre entre los usuarios que dependen de esta informaci\u00f3n para planificar sus actividades diarias.<\/p>\n","protected":false},"excerpt":{"rendered":"<p>La Empresa Nacional de Energ\u00eda El\u00e9ctrica (ENEE) inform\u00f3 que este jueves 2 de octubre se realizar\u00e1 un corte temporal del servicio el\u00e9ctrico en diversas zonas de San Pedro Sula, debido a trabajos de mantenimiento programado en la red de distribuci\u00f3n. Seg\u00fan la entidad, las labores buscan mejorar la calidad del suministro y garantizar una red [&hellip;]<\/p>\n","protected":false},"author":2,"featured_media":1005,"comment_status":"closed","ping_status":"open","sticky":false,"template":"","format":"standard","meta":{"_seopress_robots_primary_cat":"","_seopress_titles_title":"","_seopress_titles_desc":"","_seopress_robots_index":"","footnotes":""},"categories":[1],"tags":[],"class_list":["post-1004","post","type-post","status-publish","format-standard","has-post-thumbnail","hentry","category-sin-categoria"],"_links":{"self":[{"href":"https:\/\/girasolmultimedios.com\/portal\/wp-json\/wp\/v2\/posts\/1004","targetHints":{"allow":["GET"]}}],"collection":[{"href":"https:\/\/girasolmultimedios.com\/portal\/wp-json\/wp\/v2\/posts"}],"about":[{"href":"https:\/\/girasolmultimedios.com\/portal\/wp-json\/wp\/v2\/types\/post"}],"author":[{"embeddable":true,"href":"https:\/\/girasolmultimedios.com\/portal\/wp-json\/wp\/v2\/users\/2"}],"replies":[{"embeddable":true,"href":"https:\/\/girasolmultimedios.com\/portal\/wp-json\/wp\/v2\/comments?post=1004"}],"version-history":[{"count":3,"href":"https:\/\/girasolmultimedios.com\/portal\/wp-json\/wp\/v2\/posts\/1004\/revisions"}],"predecessor-version":[{"id":1009,"href":"https:\/\/girasolmultimedios.com\/portal\/wp-json\/wp\/v2\/posts\/1004\/revisions\/1009"}],"wp:featuredmedia":[{"embeddable":true,"href":"https:\/\/girasolmultimedios.com\/portal\/wp-json\/wp\/v2\/media\/1005"}],"wp:attachment":[{"href":"https:\/\/girasolmultimedios.com\/portal\/wp-json\/wp\/v2\/media?parent=1004"}],"wp:term":[{"taxonomy":"category","embeddable":true,"href":"https:\/\/girasolmultimedios.com\/portal\/wp-json\/wp\/v2\/categories?post=1004"},{"taxonomy":"post_tag","embeddable":true,"href":"https:\/\/girasolmultimedios.com\/portal\/wp-json\/wp\/v2\/tags?post=1004"}],"curies":[{"name":"wp","href":"https:\/\/api.w.org\/{rel}","templated":true}]}}