{"id":1018,"date":"2025-10-02T10:36:23","date_gmt":"2025-10-02T16:36:23","guid":{"rendered":"https:\/\/girasolmultimedios.com\/portal\/?p=1018"},"modified":"2025-10-02T10:36:24","modified_gmt":"2025-10-02T16:36:24","slug":"petro-pide-que-el-grupo-de-la-haya-convoque-una-huelga-general-mundial-en-apoyo-a-la-flotilla-y-el-pueblo-palestino","status":"publish","type":"post","link":"https:\/\/girasolmultimedios.com\/portal\/petro-pide-que-el-grupo-de-la-haya-convoque-una-huelga-general-mundial-en-apoyo-a-la-flotilla-y-el-pueblo-palestino\/","title":{"rendered":"Petro pide que el Grupo de La Haya convoque una \u00abhuelga general mundial\u00bb en apoyo a la flotilla y el pueblo palestino"},"content":{"rendered":"\n<p>El presidente de Colombia, Gustavo Petro, propuso este jueves que el Grupo de La Haya convoque una \u00abhuelga general mundial\u00bb en apoyo a los palestinos y a la Flotilla Global Sumud cuyos tripulantes fueron en su mayor\u00eda detenidos por Israel en el Mediterr\u00e1neo.<\/p>\n\n\n\n<p>\u00abEl grupo de La Haya debe convocar la gran huelga general mundial\u00bb, manifest\u00f3 Petro, un ardoroso defensor de la causa palestina, en un mensaje en su cuenta de X en el que puso como ejemplo las manifestaciones de las \u00faltimas horas en Italia y otros pa\u00edses.<br>Seg\u00fan el mandatario, \u00absi un pueblo sale a las calles por otro pueblo, como sucedi\u00f3 anoche en Italia y en otras naciones, comenzar\u00e1 la paz de la humanidad\u00bb.<\/p>\n\n\n\n<h2 class=\"wp-block-heading\" id=\"h-petro-hace-llamado-a-trump-tras-detencion-de-parte-de-la-flotilla\">Petro hace llamado a Trump tras detenci\u00f3n de parte de la flotilla<\/h2>\n\n\n\n<p>La Flotilla Global Sumud result\u00f3 casi completamente desarticulada y m\u00e1s del 90 % de sus integrantes detenidos -443 de un total de 500, entre ellos dos colombianas- por fuerzas israel\u00edes, tras la interceptaci\u00f3n de m\u00e1s de 40 embarcaciones cuando se aproximaban a la Franja de Gaza para llevar ayuda humanitaria.<\/p>\n\n\n\n<p>Por eso, Petro dijo que el presidente de Estados Unidos, Donald Trump, \u00abdebe entender que no podr\u00e1 comenzar ning\u00fan plan de paz si no entra inmediatamente comida a la poblaci\u00f3n de Gaza. No habr\u00e1 paz si a la gente la matan por inanici\u00f3n\u00bb.<\/p>\n\n\n\n<p>\u00abA\u00fan quedan barcos llegando a Gaza. No los detenga. Obligue a que llegue comida del mundo. EEUU y Europa perder\u00e1 toda noci\u00f3n de libertad y democracia si deja que queden secuestradas personas solo porque llevaron comida a un pueblo hambriento\u00bb, agreg\u00f3 el presidente colombiano dirigi\u00e9ndose a Trump.<\/p>\n\n\n\n<p>Petro orden\u00f3 ayer mi\u00e9rcoles la salida de toda la delegaci\u00f3n diplom\u00e1tica de Israel en el pa\u00eds, pese a que no hay relaciones desde mayo de 2024 cuando rompi\u00f3 con el Estado jud\u00edo, y adem\u00e1s denunci\u00f3 el Tratado de Libre Comercio (TLC) bilateral para dejarlo sin efecto.<\/p>\n\n\n\n<h2 class=\"wp-block-heading\" id=\"h-tension-diplomatica-entre-colombia-e-israel\">Tensi\u00f3n diplom\u00e1tica entre Colombia e Israel<\/h2>\n\n\n\n<p>\u00abEl tratado de libre comercio con Israel se denuncia de inmediato\u00bb, dijo Petro en su cuenta de X donde agreg\u00f3: \u00abSale toda la delegaci\u00f3n diplom\u00e1tica de Israel en Colombia\u00bb.<\/p>\n\n\n\n<p>Esas medidas las tom\u00f3 el presidente en respuesta a la interceptaci\u00f3n por Israel de la Flotilla Global Sumud, de la que hacen parte las colombianas Manuela Bedoya y Luna Barreto.<\/p>\n\n\n\n<p>El Grupo de La Haya, al que Petro propuso la convocatoria de la huelga mundial, se cre\u00f3 en enero pasado por Bolivia, Colombia, Cuba, Honduras, Malasia, Namibia, Senegal y Sud\u00e1frica en respuesta a la grave crisis humanitaria en Gaza y se comprometi\u00f3, entre otras cosas, a hacer cumplir las \u00f3rdenes de arresto emitidas por la Corte Penal Internacional (CPI) contra el primer ministro israel\u00ed, Benjam\u00edn\u00a0Netanyahu, por cr\u00edmenes de guerra.<\/p>\n\n\n\n<p>En protesta por la detenci\u00f3n de la flotilla, simpatizantes propalestinos se manifestaron ayer en la zona financiera de Bogot\u00e1, frente a la sede de la Asociaci\u00f3n Nacional de Empresarios de Colombia (ANDI), a la que acusan de funcionar como una plataforma para comerciar con Israel y prometieron que hoy volver\u00e1n a manifestarse. EFE<\/p>\n","protected":false},"excerpt":{"rendered":"<p>El presidente de Colombia, Gustavo Petro, propuso este jueves que el Grupo de La Haya convoque una \u00abhuelga general mundial\u00bb en apoyo a los palestinos y a la Flotilla Global Sumud cuyos tripulantes fueron en su mayor\u00eda detenidos por Israel en el Mediterr\u00e1neo. \u00abEl grupo de La Haya debe convocar la gran huelga general mundial\u00bb, [&hellip;]<\/p>\n","protected":false},"author":2,"featured_media":1019,"comment_status":"closed","ping_status":"open","sticky":false,"template":"","format":"standard","meta":{"_seopress_robots_primary_cat":"","_seopress_titles_title":"","_seopress_titles_desc":"","_seopress_robots_index":"","footnotes":""},"categories":[1],"tags":[],"class_list":["post-1018","post","type-post","status-publish","format-standard","has-post-thumbnail","hentry","category-sin-categoria"],"_links":{"self":[{"href":"https:\/\/girasolmultimedios.com\/portal\/wp-json\/wp\/v2\/posts\/1018","targetHints":{"allow":["GET"]}}],"collection":[{"href":"https:\/\/girasolmultimedios.com\/portal\/wp-json\/wp\/v2\/posts"}],"about":[{"href":"https:\/\/girasolmultimedios.com\/portal\/wp-json\/wp\/v2\/types\/post"}],"author":[{"embeddable":true,"href":"https:\/\/girasolmultimedios.com\/portal\/wp-json\/wp\/v2\/users\/2"}],"replies":[{"embeddable":true,"href":"https:\/\/girasolmultimedios.com\/portal\/wp-json\/wp\/v2\/comments?post=1018"}],"version-history":[{"count":1,"href":"https:\/\/girasolmultimedios.com\/portal\/wp-json\/wp\/v2\/posts\/1018\/revisions"}],"predecessor-version":[{"id":1020,"href":"https:\/\/girasolmultimedios.com\/portal\/wp-json\/wp\/v2\/posts\/1018\/revisions\/1020"}],"wp:featuredmedia":[{"embeddable":true,"href":"https:\/\/girasolmultimedios.com\/portal\/wp-json\/wp\/v2\/media\/1019"}],"wp:attachment":[{"href":"https:\/\/girasolmultimedios.com\/portal\/wp-json\/wp\/v2\/media?parent=1018"}],"wp:term":[{"taxonomy":"category","embeddable":true,"href":"https:\/\/girasolmultimedios.com\/portal\/wp-json\/wp\/v2\/categories?post=1018"},{"taxonomy":"post_tag","embeddable":true,"href":"https:\/\/girasolmultimedios.com\/portal\/wp-json\/wp\/v2\/tags?post=1018"}],"curies":[{"name":"wp","href":"https:\/\/api.w.org\/{rel}","templated":true}]}}