{"id":1021,"date":"2025-10-02T10:43:21","date_gmt":"2025-10-02T16:43:21","guid":{"rendered":"https:\/\/girasolmultimedios.com\/portal\/?p=1021"},"modified":"2025-10-02T10:43:22","modified_gmt":"2025-10-02T16:43:22","slug":"venezuela-enciende-una-anticipada-navidad-y-augura-paz-en-medio-de-la-tension-con-ee-uu","status":"publish","type":"post","link":"https:\/\/girasolmultimedios.com\/portal\/venezuela-enciende-una-anticipada-navidad-y-augura-paz-en-medio-de-la-tension-con-ee-uu\/","title":{"rendered":"Venezuela enciende una anticipada Navidad y augura \u00abpaz\u00bb en medio de la tensi\u00f3n con EE.UU."},"content":{"rendered":"\n<p>Las autoridades de Venezuela encendieron oficialmente la noche de este mi\u00e9rcoles unas anticipadas Navidades y aseguraron que estas se celebrar\u00e1n \u00aben paz\u00bb, en medio de la tensi\u00f3n con Estados Unidos por el despliegue militar que este pa\u00eds mantiene en el mar Caribe para, seg\u00fan Washington, combatir el supuesto narcotr\u00e1fico procedente de la naci\u00f3n suramericana.<\/p>\n\n\n\n<p>Cientos de personas asistieron a un acto oficialista en la plaza Bol\u00edvar de Caracas, algunas de ellas con disfraces o elementos alusivos a la temporada y otras con varillas de luces de bengala, frente a un escenario sobre el que se encontraban varias autoridades y m\u00fasicos.<\/p>\n\n\n\n<p>Todos hicieron una cuenta regresiva para encender las luces que decoran, junto con otros adornos, la plaza Bol\u00edvar, ubicada en el casco hist\u00f3rico de la capital venezolana, de lo que estuvo a cargo la alcaldesa de Caracas, la chavista Carmen Mel\u00e9ndez, quien apret\u00f3 un bot\u00f3n y dese\u00f3 un \u00abfeliz inicio de la Navidad\u00bb.<\/p>\n\n\n\n<p>\u00abDesde aqu\u00ed, desde la plaza Bol\u00edvar, (enviamos) un saludo a nuestro presidente, Nicol\u00e1s Maduro Moros, que nos est\u00e1 viendo. \u00a1Que se escuche ese grito de felicidad de todo el pueblo de Caracas!\u00bb, expres\u00f3.<\/p>\n\n\n\n<h2 class=\"wp-block-heading\" id=\"h-navidad-adelantada-en-venezuela\">Navidad adelantada en Venezuela<\/h2>\n\n\n\n<p>El jefe de Estado anunci\u00f3 en septiembre el adelanto de esta festividad, como ha hecho en a\u00f1os anteriores desde que lleg\u00f3 al poder, en 2013, al argumentar que se trata de una \u00abf\u00f3rmula\u00bb que ha resultado \u00abmuy bien para la econom\u00eda, para la cultura\u00bb y \u00abpara la alegr\u00eda\u00bb.<\/p>\n\n\n\n<p>Maduro dijo este mi\u00e9rcoles que \u00abVenezuela huele a Navidad a partir de este 1 de octubre\u00bb, lo que se\u00f1al\u00f3 como \u00abuna tradici\u00f3n\u00bb ya del chavismo en favor del \u00abderecho sagrado a la felicidad\u00bb.<\/p>\n\n\n\n<p>Esta noche tambi\u00e9n se encendi\u00f3, como es costumbre cada a\u00f1o, una gran cruz situada en el Waraira Repano, la principal formaci\u00f3n monta\u00f1osa de Caracas conocida como el \u00c1vila, que se impone en el norte de la ciudad.<\/p>\n\n\n\n<p>En el acto estuvo el jefe de Gobierno de Caracas, el chavista Nahum Fern\u00e1ndez, quien dijo que se anunciar\u00e1 \u00abpoco a poco\u00bb una agenda de actividades elaborada con el Ministerio de Cultura.<\/p>\n\n\n\n<p>\u00abAqu\u00ed somos gente feliz, somos gente alegre, all\u00e1 los amargados que est\u00e1n en otros pa\u00edses que no les gusta la Navidad\u00bb, se\u00f1al\u00f3, en referencia a personas que, dijo, critican el adelanto de estas fiestas, aunque no mencion\u00f3 a alguien en espec\u00edfico.<\/p>\n\n\n\n<p>Tras el encendido de las luces, una agrupaci\u00f3n musical se present\u00f3 junto con la Orquesta Sinf\u00f3nica Municipal de Caracas.<\/p>\n\n\n\n<p>En paralelo, varias personas se movilizaron en Petare, en el este de Caracas y considerada la favela m\u00e1s grande de Venezuela, hacia un comando de la Guardia del Pueblo, donde compartieron refrigerios con la comunidad, especialmente con decenas de ni\u00f1os, y entregaron gorros navide\u00f1os y bengalas.<\/p>\n\n\n\n<p>El comandante de la Unidad de Articulaci\u00f3n Social de la Guardia del Pueblo Petare, el mayor Jhoan Manuel Olages, dijo que, \u00abcumpliendo con las instrucciones\u00bb del jefe de Estado, hoy celebran el inicio de la Navidad \u00aben perfecta fusi\u00f3n popular-militar-policial\u00bb.<\/p>\n\n\n\n<p>Por su parte, Diana Romero, directora de la organizaci\u00f3n Una Sonrisa, Una Esperanza, declar\u00f3 que \u00abest\u00e1 muy bien\u00bb adelantar estas fiestas para que, as\u00ed, el venezolano se olvide \u00abde todo eso\u00bb que lo \u00abtiene en zozobra\u00bb, en alusi\u00f3n a la presencia naval estadounidense en el Caribe, lo que el Gobierno de Maduro denuncia como una \u00abamenaza\u00bb en contra de la soberan\u00eda.<\/p>\n\n\n\n<p>\u00abComo muchos venezolanos, yo no quiero guerra en mi pa\u00eds, yo no quiero una intervenci\u00f3n\u00bb, expres\u00f3 Romero, quien, en ese sentido, agreg\u00f3 que no desea una situaci\u00f3n como la que ve \u00abconstantemente\u00bb a trav\u00e9s de v\u00eddeos en Gaza, donde \u00ablos ni\u00f1os sufre y mueren de hambre\u00bb.<\/p>\n\n\n\n<p>En el estado Zulia (noroeste, fronterizo con Colombia), cientos de personas se concentraron en una decorada plaza de la Rep\u00fablica, en Maracaibo, la capital de esta regi\u00f3n petrolera, para celebrar en un acto organizado por las autoridades chavistas, que incluy\u00f3 un concierto.<\/p>\n\n\n\n<p>La Navidad en Venezuela comenz\u00f3 dos d\u00edas despu\u00e9s de que la vicepresidenta ejecutiva, Delcy Rodr\u00edguez, anunciara que Maduro \u00absuscribi\u00f3\u00bb un \u00abdecreto de conmoci\u00f3n externa\u00bb que \u00abda poderes\u00bb y \u00abfacultades especiales\u00bb al jefe de Estado \u00abpara actuar en materia de defensa y seguridad\u00bb, ante las \u00abamenazas\u00bb estadounidenses. EFE<\/p>\n","protected":false},"excerpt":{"rendered":"<p>Las autoridades de Venezuela encendieron oficialmente la noche de este mi\u00e9rcoles unas anticipadas Navidades y aseguraron que estas se celebrar\u00e1n \u00aben paz\u00bb, en medio de la tensi\u00f3n con Estados Unidos por el despliegue militar que este pa\u00eds mantiene en el mar Caribe para, seg\u00fan Washington, combatir el supuesto narcotr\u00e1fico procedente de la naci\u00f3n suramericana. Cientos [&hellip;]<\/p>\n","protected":false},"author":2,"featured_media":1022,"comment_status":"closed","ping_status":"open","sticky":false,"template":"","format":"standard","meta":{"_seopress_robots_primary_cat":"","_seopress_titles_title":"","_seopress_titles_desc":"","_seopress_robots_index":"","footnotes":""},"categories":[1],"tags":[],"class_list":["post-1021","post","type-post","status-publish","format-standard","has-post-thumbnail","hentry","category-sin-categoria"],"_links":{"self":[{"href":"https:\/\/girasolmultimedios.com\/portal\/wp-json\/wp\/v2\/posts\/1021","targetHints":{"allow":["GET"]}}],"collection":[{"href":"https:\/\/girasolmultimedios.com\/portal\/wp-json\/wp\/v2\/posts"}],"about":[{"href":"https:\/\/girasolmultimedios.com\/portal\/wp-json\/wp\/v2\/types\/post"}],"author":[{"embeddable":true,"href":"https:\/\/girasolmultimedios.com\/portal\/wp-json\/wp\/v2\/users\/2"}],"replies":[{"embeddable":true,"href":"https:\/\/girasolmultimedios.com\/portal\/wp-json\/wp\/v2\/comments?post=1021"}],"version-history":[{"count":1,"href":"https:\/\/girasolmultimedios.com\/portal\/wp-json\/wp\/v2\/posts\/1021\/revisions"}],"predecessor-version":[{"id":1023,"href":"https:\/\/girasolmultimedios.com\/portal\/wp-json\/wp\/v2\/posts\/1021\/revisions\/1023"}],"wp:featuredmedia":[{"embeddable":true,"href":"https:\/\/girasolmultimedios.com\/portal\/wp-json\/wp\/v2\/media\/1022"}],"wp:attachment":[{"href":"https:\/\/girasolmultimedios.com\/portal\/wp-json\/wp\/v2\/media?parent=1021"}],"wp:term":[{"taxonomy":"category","embeddable":true,"href":"https:\/\/girasolmultimedios.com\/portal\/wp-json\/wp\/v2\/categories?post=1021"},{"taxonomy":"post_tag","embeddable":true,"href":"https:\/\/girasolmultimedios.com\/portal\/wp-json\/wp\/v2\/tags?post=1021"}],"curies":[{"name":"wp","href":"https:\/\/api.w.org\/{rel}","templated":true}]}}