{"id":1041,"date":"2025-10-02T13:11:01","date_gmt":"2025-10-02T19:11:01","guid":{"rendered":"https:\/\/girasolmultimedios.com\/portal\/?p=1041"},"modified":"2025-10-02T13:11:01","modified_gmt":"2025-10-02T19:11:01","slug":"mp-se-mantiene-prision-preventiva-para-olga-estela-avila-pero-cumplira-prision-en-el-santa-rosita","status":"publish","type":"post","link":"https:\/\/girasolmultimedios.com\/portal\/mp-se-mantiene-prision-preventiva-para-olga-estela-avila-pero-cumplira-prision-en-el-santa-rosita\/","title":{"rendered":"MP: Se mantiene prisi\u00f3n preventiva para Olga Estela \u00c1vila, pero cumplir\u00e1 prisi\u00f3n en el Santa Rosita"},"content":{"rendered":"\n<p>El Ministerio P\u00fablico (MP) inform\u00f3 que el juzgado con Competencia Nacional en Materia de Criminalidad Organizada mantiene prisi\u00f3n preventiva para Olga Estela \u00c1vila Ortega, acusada de fraude continuado y lavado de activos en la alcald\u00eda municipal de San Pedro Sula. <\/p>\n\n\n\n<p>El ente fiscal a trav\u00e9s de un comunicado revel\u00f3 que a la acusada solamente fue autorizada de ser trasladada al hospital psiqui\u00e1trico Santa Rosita para recibir tratamiento e internamiento. <\/p>\n\n\n\n<p>La\u00a0<strong>audiencia\u00a0<\/strong>contra \u00c1vila Ortega se desarroll\u00f3 este jueves, solicitado de la defensa de la acusada, que argument\u00f3 razones de salud para su revisi\u00f3n.<\/p>\n\n\n\n<p>El MP aclar\u00f3 que est\u00e1 respetando el debido proceso, pero que no est\u00e1 de acuerdo con la petici\u00f3n presentada por la defensa. Para el ente acusador, la medida de prisi\u00f3n preventiva resulta proporcional y necesaria frente a la gravedad de los delitos imputados en este caso.<\/p>\n\n\n\n<p>Tras la finalizaci\u00f3n de la audiencia, el juez asignado de segur el caso, tom\u00f3 la decisi\u00f3n que Olga \u00c1vila cumplir\u00e1 la medida de prisi\u00f3n preventiva en el Hospital Psiqui\u00e1trico Santa Rosita, de Tegucigalpa.<\/p>\n\n\n\n<figure class=\"wp-block-embed is-type-rich is-provider-twitter wp-block-embed-twitter\"><div class=\"wp-block-embed__wrapper\">\n<blockquote class=\"twitter-tweet\" data-width=\"550\" data-dnt=\"true\"><p lang=\"es\" dir=\"ltr\">Juzgado mantiene prisi\u00f3n preventiva a Olga Estela \u00c1vila Ortega por fraude y lavado en caso de desfalco a la Alcald\u00eda de SPS <a href=\"https:\/\/t.co\/fQ7OP65I2s\">https:\/\/t.co\/fQ7OP65I2s<\/a> <a href=\"https:\/\/t.co\/CdVuU7x6Yw\">pic.twitter.com\/CdVuU7x6Yw<\/a><\/p>&mdash; Ministerio P\u00fablico (@MP_Honduras) <a href=\"https:\/\/twitter.com\/MP_Honduras\/status\/1973815720590061626?ref_src=twsrc%5Etfw\">October 2, 2025<\/a><\/blockquote><script async src=\"https:\/\/platform.twitter.com\/widgets.js\" charset=\"utf-8\"><\/script>\n<\/div><\/figure>\n\n\n\n<h2 class=\"wp-block-heading\">Caso alcald\u00eda SPS<\/h2>\n\n\n\n<p>Denys Jamil Paz, Eunice Amaya, Osman Ch\u00e1vez, Walter Cartagena, Marlen Mena y Xavier Lacayo, tesorero municipal, est\u00e1n acusados de los delitos: violaci\u00f3n de los deberes de los funcionarios y fraude continuado.<\/p>\n\n\n\n<p>Mientras que\u00a0Olga Estela \u00c1vila, Andr\u00e9s Fabiola Perdomo y Malcos Jonathan Morales por el delito de fraude continuado. En el caso de Olga Estela tambi\u00e9n est\u00e1 acusada de lavado de activos junto a Luis Fernando Hern\u00e1ndez.<\/p>\n","protected":false},"excerpt":{"rendered":"<p>El Ministerio P\u00fablico (MP) inform\u00f3 que el juzgado con Competencia Nacional en Materia de Criminalidad Organizada mantiene prisi\u00f3n preventiva para Olga Estela \u00c1vila Ortega, acusada de fraude continuado y lavado de activos en la alcald\u00eda municipal de San Pedro Sula. El ente fiscal a trav\u00e9s de un comunicado revel\u00f3 que a la acusada solamente fue [&hellip;]<\/p>\n","protected":false},"author":2,"featured_media":1042,"comment_status":"closed","ping_status":"open","sticky":false,"template":"","format":"standard","meta":{"_seopress_robots_primary_cat":"","_seopress_titles_title":"","_seopress_titles_desc":"","_seopress_robots_index":"","footnotes":""},"categories":[23],"tags":[272,107,273,271,103],"class_list":["post-1041","post","type-post","status-publish","format-standard","has-post-thumbnail","hentry","category-nacionales","tag-caso","tag-fraude","tag-ministerio-publico","tag-olga-avila","tag-sps"],"_links":{"self":[{"href":"https:\/\/girasolmultimedios.com\/portal\/wp-json\/wp\/v2\/posts\/1041","targetHints":{"allow":["GET"]}}],"collection":[{"href":"https:\/\/girasolmultimedios.com\/portal\/wp-json\/wp\/v2\/posts"}],"about":[{"href":"https:\/\/girasolmultimedios.com\/portal\/wp-json\/wp\/v2\/types\/post"}],"author":[{"embeddable":true,"href":"https:\/\/girasolmultimedios.com\/portal\/wp-json\/wp\/v2\/users\/2"}],"replies":[{"embeddable":true,"href":"https:\/\/girasolmultimedios.com\/portal\/wp-json\/wp\/v2\/comments?post=1041"}],"version-history":[{"count":1,"href":"https:\/\/girasolmultimedios.com\/portal\/wp-json\/wp\/v2\/posts\/1041\/revisions"}],"predecessor-version":[{"id":1043,"href":"https:\/\/girasolmultimedios.com\/portal\/wp-json\/wp\/v2\/posts\/1041\/revisions\/1043"}],"wp:featuredmedia":[{"embeddable":true,"href":"https:\/\/girasolmultimedios.com\/portal\/wp-json\/wp\/v2\/media\/1042"}],"wp:attachment":[{"href":"https:\/\/girasolmultimedios.com\/portal\/wp-json\/wp\/v2\/media?parent=1041"}],"wp:term":[{"taxonomy":"category","embeddable":true,"href":"https:\/\/girasolmultimedios.com\/portal\/wp-json\/wp\/v2\/categories?post=1041"},{"taxonomy":"post_tag","embeddable":true,"href":"https:\/\/girasolmultimedios.com\/portal\/wp-json\/wp\/v2\/tags?post=1041"}],"curies":[{"name":"wp","href":"https:\/\/api.w.org\/{rel}","templated":true}]}}