{"id":1062,"date":"2025-10-06T10:10:24","date_gmt":"2025-10-06T16:10:24","guid":{"rendered":"https:\/\/girasolmultimedios.com\/portal\/?p=1062"},"modified":"2025-10-06T10:10:25","modified_gmt":"2025-10-06T16:10:25","slug":"amplian-areas-de-cultivo-para-pequenos-caficultores-en-ocotepeque","status":"publish","type":"post","link":"https:\/\/girasolmultimedios.com\/portal\/amplian-areas-de-cultivo-para-pequenos-caficultores-en-ocotepeque\/","title":{"rendered":"Ampl\u00edan \u00e1reas de cultivo para peque\u00f1os caficultores en Ocotepeque"},"content":{"rendered":"\n<p>NUEVA OCOTEPEQUE. \u2014 M\u00e1s de <strong>300 peque\u00f1os productores de caf\u00e9 del departamento de Ocotepeque<\/strong> ser\u00e1n beneficiados con la asignaci\u00f3n de tierras destinadas al cultivo del grano arom\u00e1tico, como parte de un <strong>convenio entre instituciones gubernamentales, cooperativas y el sector privado local<\/strong>.<\/p>\n\n\n\n<p>La iniciativa contempla la <strong>entrega de parcelas que oscilan entre tres y cinco manzanas<\/strong> en el municipio de <strong>Fraternidad<\/strong>, acompa\u00f1adas de <strong>cr\u00e9ditos a cinco a\u00f1os con tasas preferenciales<\/strong>, con el objetivo de fortalecer la producci\u00f3n cafetalera y el patrimonio econ\u00f3mico de las familias beneficiarias.<\/p>\n\n\n\n<p>El productor y representante de la zona, <strong>Lisandro Padilla<\/strong>, explic\u00f3 que el proyecto busca dotar a los caficultores de las herramientas necesarias para incrementar su capital de trabajo y promover un desarrollo sostenible en la regi\u00f3n.<\/p>\n\n\n\n<p>El plan ser\u00e1 ejecutado a trav\u00e9s de la <strong>Cooperativa Seis Valles Caf\u00e9<\/strong>, en coordinaci\u00f3n con el <strong>Instituto Nacional Agrario (INA)<\/strong>, el <strong>Instituto Hondure\u00f1o del Caf\u00e9 (Ihcaf\u00e9)<\/strong>, la <strong>Subsecretar\u00eda del Caf\u00e9 de la Secretar\u00eda de Agricultura y Ganader\u00eda (SAG)<\/strong> y aliados del <strong>sector privado<\/strong>. En total, se proyecta la <strong>entrega de unas 500 manzanas de tierra<\/strong>, cada una con su respectivo t\u00edtulo de propiedad.<\/p>\n\n\n\n<p>Los beneficiarios deber\u00e1n cumplir con los compromisos establecidos en el convenio que formaliza la adjudicaci\u00f3n. Se espera que la <strong>firma de estos acuerdos se realice a finales de octubre<\/strong>, para que los productores puedan iniciar el <strong>acondicionamiento del terreno y la siembra de las parcelas<\/strong>.<\/p>\n\n\n\n<p>\u201cSi todo marcha seg\u00fan lo previsto, en mayo comenzar\u00edamos la plantaci\u00f3n de los palos de caf\u00e9, y en aproximadamente dos a\u00f1os podr\u00edamos obtener la primera cosecha\u201d, detall\u00f3 Padilla.<\/p>\n","protected":false},"excerpt":{"rendered":"<p>NUEVA OCOTEPEQUE. \u2014 M\u00e1s de 300 peque\u00f1os productores de caf\u00e9 del departamento de Ocotepeque ser\u00e1n beneficiados con la asignaci\u00f3n de tierras destinadas al cultivo del grano arom\u00e1tico, como parte de un convenio entre instituciones gubernamentales, cooperativas y el sector privado local. La iniciativa contempla la entrega de parcelas que oscilan entre tres y cinco manzanas [&hellip;]<\/p>\n","protected":false},"author":2,"featured_media":1063,"comment_status":"closed","ping_status":"open","sticky":false,"template":"","format":"standard","meta":{"_seopress_robots_primary_cat":"","_seopress_titles_title":"","_seopress_titles_desc":"","_seopress_robots_index":"","footnotes":""},"categories":[22],"tags":[],"class_list":["post-1062","post","type-post","status-publish","format-standard","has-post-thumbnail","hentry","category-economia"],"_links":{"self":[{"href":"https:\/\/girasolmultimedios.com\/portal\/wp-json\/wp\/v2\/posts\/1062","targetHints":{"allow":["GET"]}}],"collection":[{"href":"https:\/\/girasolmultimedios.com\/portal\/wp-json\/wp\/v2\/posts"}],"about":[{"href":"https:\/\/girasolmultimedios.com\/portal\/wp-json\/wp\/v2\/types\/post"}],"author":[{"embeddable":true,"href":"https:\/\/girasolmultimedios.com\/portal\/wp-json\/wp\/v2\/users\/2"}],"replies":[{"embeddable":true,"href":"https:\/\/girasolmultimedios.com\/portal\/wp-json\/wp\/v2\/comments?post=1062"}],"version-history":[{"count":1,"href":"https:\/\/girasolmultimedios.com\/portal\/wp-json\/wp\/v2\/posts\/1062\/revisions"}],"predecessor-version":[{"id":1064,"href":"https:\/\/girasolmultimedios.com\/portal\/wp-json\/wp\/v2\/posts\/1062\/revisions\/1064"}],"wp:featuredmedia":[{"embeddable":true,"href":"https:\/\/girasolmultimedios.com\/portal\/wp-json\/wp\/v2\/media\/1063"}],"wp:attachment":[{"href":"https:\/\/girasolmultimedios.com\/portal\/wp-json\/wp\/v2\/media?parent=1062"}],"wp:term":[{"taxonomy":"category","embeddable":true,"href":"https:\/\/girasolmultimedios.com\/portal\/wp-json\/wp\/v2\/categories?post=1062"},{"taxonomy":"post_tag","embeddable":true,"href":"https:\/\/girasolmultimedios.com\/portal\/wp-json\/wp\/v2\/tags?post=1062"}],"curies":[{"name":"wp","href":"https:\/\/api.w.org\/{rel}","templated":true}]}}