{"id":1077,"date":"2025-10-07T08:57:46","date_gmt":"2025-10-07T14:57:46","guid":{"rendered":"https:\/\/girasolmultimedios.com\/portal\/?p=1077"},"modified":"2025-10-07T09:02:17","modified_gmt":"2025-10-07T15:02:17","slug":"capturan-a-menor-que-ultimo-a-sexagenaria-para-robarle-su-celular-en-lempira","status":"publish","type":"post","link":"https:\/\/girasolmultimedios.com\/portal\/capturan-a-menor-que-ultimo-a-sexagenaria-para-robarle-su-celular-en-lempira\/","title":{"rendered":"Capturan a menor que ultim\u00f3 a sexagenaria para robarle su celular en Lempira"},"content":{"rendered":"\n<p>La Polic\u00eda Nacional detuvo el lunes a un joven de 17 a\u00f1os en el departamento de Lempira, al occidente de Honduras, tras ser se\u00f1alado como el presunto responsable del asesinato de Mar\u00eda Francisca Lara Ch\u00e1vez, una mujer de la tercera edad.<\/p>\n\n\n\n<p>El hecho ocurri\u00f3 en la aldea El Pinal, jurisdicci\u00f3n de San Jos\u00e9, Gracias, en el marco de un robo de celular. De acuerdo con las investigaciones preliminares, el menor originario de Erandique y residente en la zona habr\u00eda atacado a la v\u00edctima mientras esta cruzaba un r\u00edo cercano a su vivienda.<br>Sin mediar palabra, el joven utiliz\u00f3 un machete para propinarle m\u00faltiples heridas mortales. Posteriormente, se presume que sustrajo el tel\u00e9fono m\u00f3vil de la v\u00edctima y se dirigi\u00f3 a una cantina local con la intenci\u00f3n de venderlo.<\/p>\n\n\n\n<p>Gracias a la r\u00e1pida alerta de la comunidad, agentes de la Direcci\u00f3n Nacional de Prevenci\u00f3n y Seguridad Comunitaria (DNPSC) lograron interceptar al sospechoso en la v\u00eda principal de la aldea. El menor fue puesto bajo custodia y trasladado a las instalaciones de la Direcci\u00f3n Policial de Investigaciones (DPI) en Gracias, Lempira.<\/p>\n\n\n\n<p>Las autoridades iniciaron el proceso legal correspondiente conforme a la ley especial para menores infractores. El joven enfrenta cargos por homicidio y robo con violencia en perjuicio de la v\u00edctima.<\/p>\n\n\n\n<p><\/p>\n","protected":false},"excerpt":{"rendered":"<p>La Polic\u00eda Nacional detuvo el lunes a un joven de 17 a\u00f1os en el departamento de Lempira, al occidente de Honduras, tras ser se\u00f1alado como el presunto responsable del asesinato de Mar\u00eda Francisca Lara Ch\u00e1vez, una mujer de la tercera edad. El hecho ocurri\u00f3 en la aldea El Pinal, jurisdicci\u00f3n de San Jos\u00e9, Gracias, en [&hellip;]<\/p>\n","protected":false},"author":2,"featured_media":1078,"comment_status":"closed","ping_status":"open","sticky":false,"template":"","format":"standard","meta":{"_seopress_robots_primary_cat":"","_seopress_titles_title":"","_seopress_titles_desc":"","_seopress_robots_index":"","footnotes":""},"categories":[1],"tags":[],"class_list":["post-1077","post","type-post","status-publish","format-standard","has-post-thumbnail","hentry","category-sin-categoria"],"_links":{"self":[{"href":"https:\/\/girasolmultimedios.com\/portal\/wp-json\/wp\/v2\/posts\/1077","targetHints":{"allow":["GET"]}}],"collection":[{"href":"https:\/\/girasolmultimedios.com\/portal\/wp-json\/wp\/v2\/posts"}],"about":[{"href":"https:\/\/girasolmultimedios.com\/portal\/wp-json\/wp\/v2\/types\/post"}],"author":[{"embeddable":true,"href":"https:\/\/girasolmultimedios.com\/portal\/wp-json\/wp\/v2\/users\/2"}],"replies":[{"embeddable":true,"href":"https:\/\/girasolmultimedios.com\/portal\/wp-json\/wp\/v2\/comments?post=1077"}],"version-history":[{"count":1,"href":"https:\/\/girasolmultimedios.com\/portal\/wp-json\/wp\/v2\/posts\/1077\/revisions"}],"predecessor-version":[{"id":1080,"href":"https:\/\/girasolmultimedios.com\/portal\/wp-json\/wp\/v2\/posts\/1077\/revisions\/1080"}],"wp:featuredmedia":[{"embeddable":true,"href":"https:\/\/girasolmultimedios.com\/portal\/wp-json\/wp\/v2\/media\/1078"}],"wp:attachment":[{"href":"https:\/\/girasolmultimedios.com\/portal\/wp-json\/wp\/v2\/media?parent=1077"}],"wp:term":[{"taxonomy":"category","embeddable":true,"href":"https:\/\/girasolmultimedios.com\/portal\/wp-json\/wp\/v2\/categories?post=1077"},{"taxonomy":"post_tag","embeddable":true,"href":"https:\/\/girasolmultimedios.com\/portal\/wp-json\/wp\/v2\/tags?post=1077"}],"curies":[{"name":"wp","href":"https:\/\/api.w.org\/{rel}","templated":true}]}}