{"id":1097,"date":"2025-10-08T09:44:52","date_gmt":"2025-10-08T15:44:52","guid":{"rendered":"https:\/\/girasolmultimedios.com\/portal\/?p=1097"},"modified":"2025-10-08T09:47:29","modified_gmt":"2025-10-08T15:47:29","slug":"huracan-priscilla-provoca-lluvias-intensas-rachas-de-viento-y-oleaje-en-pacifico-mexicano","status":"publish","type":"post","link":"https:\/\/girasolmultimedios.com\/portal\/huracan-priscilla-provoca-lluvias-intensas-rachas-de-viento-y-oleaje-en-pacifico-mexicano\/","title":{"rendered":"Hurac\u00e1n Priscilla provoca lluvias intensas, rachas de viento y oleaje en Pac\u00edfico mexicano"},"content":{"rendered":"\n<p>El hurac\u00e1n Priscilla de categor\u00eda 2 en la escala Saffir-Simpson, dejar\u00e1 lluvias intensas, rachas de viento y oleaje elevado en su paso por el Pac\u00edfico mexicano, en la v\u00edspera de su aumento a categor\u00eda 3, inform\u00f3 este martes el Servicio Meteorol\u00f3gico Nacional (SMN).<\/p>\n\n\n\n<p>En su comunicado m\u00e1s reciente, el organismo apunt\u00f3 que debido a los desprendimientos nubosos de Priscilla se pronostican lluvias intensas (de 75 a 150 mil\u00edmetros [mm]) en el sur de Baja California Sur, el centro y el sur de Sinaloa, y el norte y el centro de Nayarit.<\/p>\n\n\n\n<p>Adem\u00e1s de fuertes (de 25 a 50 mm) en Jalisco y Colima, y vientos de 60 a 70 kil\u00f3metros por hora (km\/h) con rachas de 80 a 100 km\/h en el sur de Baja California Sur; de 30 a 40 km\/h con rachas de 50 a 70 km\/h en costas de Sinaloa, Nayarit y Jalisco, as\u00ed como de 10 a 25 km\/h con rachas de 30 a 50 km\/h en las costas de Colima.&nbsp;<\/p>\n\n\n\n<p>Tambi\u00e9n precis\u00f3 que a las 15:00 hora local (21:00 GMT) el centro del hurac\u00e1n se localiz\u00f3 aproximadamente a 345 kil\u00f3metros (km) al sur-suroeste de Cabo San Lucas, Baja California Sur, y a 535 km al oeste de Cabo Corrientes en el estado de Jalisco.<\/p>\n\n\n\n<p>El fen\u00f3meno registra vientos m\u00e1ximos sostenidos de 175 kil\u00f3metros por hora (km\/h), rachas de 215 km\/h y desplazamiento hacia el oeste-noroeste a 15 km\/h.&nbsp;<\/p>\n\n\n\n<p>\u201cSe prev\u00e9 oleaje de 5,5 a 6,5 metros (m) de altura en la costa sur de Baja California Sur; de 3 a 4 m en costas de Sinaloa, Nayarit y Jalisco, y de 2 a 3 m en la costa de Colima\u201d, detall\u00f3 el documento.&nbsp;<\/p>\n\n\n\n<h2 class=\"wp-block-heading\" id=\"h-categoria-3\">Categor\u00eda 3<\/h2>\n\n\n\n<p>Adem\u00e1s se mantiene zona de vigilancia por efectos de tormenta tropical desde Cabo San Lucas hasta Cabo San L\u00e1zaro, en Baja California Sur.<\/p>\n\n\n\n<p>Y se\u00f1al\u00f3 que las precipitaciones mencionadas podr\u00edan ser con descargas el\u00e9ctricas y generar encharcamientos, deslaves e inundaciones en zonas bajas de los estados mencionados.&nbsp;<\/p>\n\n\n\n<figure class=\"wp-block-image size-full\"><img alt=\"\" loading=\"lazy\" decoding=\"async\" width=\"900\" height=\"738\" src=\"https:\/\/girasolmultimedios.com\/portal\/wp-content\/uploads\/image-39.png\" alt=\"\" class=\"wp-image-1101\" srcset=\"https:\/\/girasolmultimedios.com\/portal\/wp-content\/uploads\/image-39.png 900w, https:\/\/girasolmultimedios.com\/portal\/wp-content\/uploads\/image-39-300x246.png 300w, https:\/\/girasolmultimedios.com\/portal\/wp-content\/uploads\/image-39-150x123.png 150w, https:\/\/girasolmultimedios.com\/portal\/wp-content\/uploads\/image-39-768x630.png 768w\" sizes=\"auto, (max-width: 900px) 100vw, 900px\" \/><\/figure>\n\n\n\n<p>Al igual que el SMN, la presidenta de M\u00e9xico, Claudia Sheinbaum, inform\u00f3 este mismo martes que&nbsp;el hurac\u00e1n Priscilla se intensificar\u00e1 a categor\u00eda 3&nbsp;en la escala Saffir-Simpson y se desplazar\u00e1 en paralelo a la costa occidental del estado mexicano de Baja California Sur (noroeste).<\/p>\n\n\n\n<p>Dijo que las autoridades trabajan en coordinaci\u00f3n y se preparan en el balneario de Los Cabos, Baja California Sur donde se pronostican fuertes lluvias.&nbsp;<\/p>\n\n\n\n<p>M\u00e9xico prev\u00e9 la formaci\u00f3n de hasta 20 ciclones con nombre en el Pac\u00edfico mexicano durante la actual temporada, de los que entre cuatro y seis podr\u00edan alcanzar las categor\u00edas 3, 4 o incluso 5.<\/p>\n\n\n\n<p>El \u00faltimo hurac\u00e1n que azot\u00f3 al pa\u00eds fue Erick, que toc\u00f3 tierra en el sur de M\u00e9xico el 19 de junio como categor\u00eda 3 y caus\u00f3 da\u00f1os en Oaxaca y Guerrero, donde muri\u00f3 un menor de edad y dej\u00f3 afectaciones en la infraestructura el\u00e9ctrica, viviendas y \u00e1rboles. EFE<\/p>\n","protected":false},"excerpt":{"rendered":"<p>El hurac\u00e1n Priscilla de categor\u00eda 2 en la escala Saffir-Simpson, dejar\u00e1 lluvias intensas, rachas de viento y oleaje elevado en su paso por el Pac\u00edfico mexicano, en la v\u00edspera de su aumento a categor\u00eda 3, inform\u00f3 este martes el Servicio Meteorol\u00f3gico Nacional (SMN). En su comunicado m\u00e1s reciente, el organismo apunt\u00f3 que debido a los [&hellip;]<\/p>\n","protected":false},"author":2,"featured_media":1098,"comment_status":"closed","ping_status":"open","sticky":false,"template":"","format":"standard","meta":{"_seopress_robots_primary_cat":"","_seopress_titles_title":"","_seopress_titles_desc":"","_seopress_robots_index":"","footnotes":""},"categories":[1],"tags":[],"class_list":["post-1097","post","type-post","status-publish","format-standard","has-post-thumbnail","hentry","category-sin-categoria"],"_links":{"self":[{"href":"https:\/\/girasolmultimedios.com\/portal\/wp-json\/wp\/v2\/posts\/1097","targetHints":{"allow":["GET"]}}],"collection":[{"href":"https:\/\/girasolmultimedios.com\/portal\/wp-json\/wp\/v2\/posts"}],"about":[{"href":"https:\/\/girasolmultimedios.com\/portal\/wp-json\/wp\/v2\/types\/post"}],"author":[{"embeddable":true,"href":"https:\/\/girasolmultimedios.com\/portal\/wp-json\/wp\/v2\/users\/2"}],"replies":[{"embeddable":true,"href":"https:\/\/girasolmultimedios.com\/portal\/wp-json\/wp\/v2\/comments?post=1097"}],"version-history":[{"count":2,"href":"https:\/\/girasolmultimedios.com\/portal\/wp-json\/wp\/v2\/posts\/1097\/revisions"}],"predecessor-version":[{"id":1102,"href":"https:\/\/girasolmultimedios.com\/portal\/wp-json\/wp\/v2\/posts\/1097\/revisions\/1102"}],"wp:featuredmedia":[{"embeddable":true,"href":"https:\/\/girasolmultimedios.com\/portal\/wp-json\/wp\/v2\/media\/1098"}],"wp:attachment":[{"href":"https:\/\/girasolmultimedios.com\/portal\/wp-json\/wp\/v2\/media?parent=1097"}],"wp:term":[{"taxonomy":"category","embeddable":true,"href":"https:\/\/girasolmultimedios.com\/portal\/wp-json\/wp\/v2\/categories?post=1097"},{"taxonomy":"post_tag","embeddable":true,"href":"https:\/\/girasolmultimedios.com\/portal\/wp-json\/wp\/v2\/tags?post=1097"}],"curies":[{"name":"wp","href":"https:\/\/api.w.org\/{rel}","templated":true}]}}