{"id":1104,"date":"2025-10-08T10:11:10","date_gmt":"2025-10-08T16:11:10","guid":{"rendered":"https:\/\/girasolmultimedios.com\/portal\/?p=1104"},"modified":"2025-10-08T10:11:11","modified_gmt":"2025-10-08T16:11:11","slug":"joven-pierde-la-vida-en-un-violento-ataque-en-san-manuel-cortes","status":"publish","type":"post","link":"https:\/\/girasolmultimedios.com\/portal\/joven-pierde-la-vida-en-un-violento-ataque-en-san-manuel-cortes\/","title":{"rendered":"\u201cJoven pierde la vida en un violento ataque en San Manuel, Cort\u00e9s\u201d"},"content":{"rendered":"\n<p><strong>Hecho violento en San Manuel, Cort\u00e9s, deja un hombre fallecido<\/strong><\/p>\n\n\n\n<p>La tranquilidad de los vecinos de la colonia Omonita, en San Manuel, Cort\u00e9s, se vio interrumpida por un hecho violento en el que un hombre perdi\u00f3 la vida tras ser atacado con un machete.<\/p>\n\n\n\n<p>De acuerdo con el informe preliminar de las autoridades, la v\u00edctima no fue identificada en el lugar, ya que no portaba documentos personales.<\/p>\n\n\n\n<p>Testigos relataron que el presunto agresor ser\u00eda un individuo con aparentes trastornos mentales. Ante ello, los cuerpos de seguridad iniciaron las investigaciones para esclarecer los motivos y circunstancias del crimen.<\/p>\n\n\n\n<p>Vecinos del sector se\u00f1alaron que el fallecido no resid\u00eda en la zona, lo que ha dificultado su identificaci\u00f3n. El cuerpo fue trasladado al Departamento de Medicina Forense, donde se espera que, mediante los procedimientos correspondientes, se logre determinar su identidad.<\/p>\n\n\n\n<p>Las autoridades contin\u00faan con las diligencias pertinentes para esclarecer este lamentable suceso.<\/p>\n\n\n\n<p><strong>Contexto nacional: homicidios en Honduras<\/strong><br>Seg\u00fan datos oficiales, Honduras ha mostrado una reducci\u00f3n sostenida en la tasa de homicidios durante los \u00faltimos a\u00f1os. En 2024, el pa\u00eds registr\u00f3 la cifra m\u00e1s baja de las \u00faltimas dos d\u00e9cadas, con una tasa de <strong>26.8 homicidios por cada 100,000 habitantes<\/strong>, lo que representa una <strong>disminuci\u00f3n del 25.3%<\/strong> respecto a 2023, cuando la tasa fue de <strong>34.5 por cada 100,000 habitantes<\/strong>.<\/p>\n","protected":false},"excerpt":{"rendered":"<p>Hecho violento en San Manuel, Cort\u00e9s, deja un hombre fallecido La tranquilidad de los vecinos de la colonia Omonita, en San Manuel, Cort\u00e9s, se vio interrumpida por un hecho violento en el que un hombre perdi\u00f3 la vida tras ser atacado con un machete. De acuerdo con el informe preliminar de las autoridades, la v\u00edctima [&hellip;]<\/p>\n","protected":false},"author":2,"featured_media":1105,"comment_status":"closed","ping_status":"open","sticky":false,"template":"","format":"standard","meta":{"_seopress_robots_primary_cat":"","_seopress_titles_title":"","_seopress_titles_desc":"","_seopress_robots_index":"","footnotes":""},"categories":[1],"tags":[],"class_list":["post-1104","post","type-post","status-publish","format-standard","has-post-thumbnail","hentry","category-sin-categoria"],"_links":{"self":[{"href":"https:\/\/girasolmultimedios.com\/portal\/wp-json\/wp\/v2\/posts\/1104","targetHints":{"allow":["GET"]}}],"collection":[{"href":"https:\/\/girasolmultimedios.com\/portal\/wp-json\/wp\/v2\/posts"}],"about":[{"href":"https:\/\/girasolmultimedios.com\/portal\/wp-json\/wp\/v2\/types\/post"}],"author":[{"embeddable":true,"href":"https:\/\/girasolmultimedios.com\/portal\/wp-json\/wp\/v2\/users\/2"}],"replies":[{"embeddable":true,"href":"https:\/\/girasolmultimedios.com\/portal\/wp-json\/wp\/v2\/comments?post=1104"}],"version-history":[{"count":1,"href":"https:\/\/girasolmultimedios.com\/portal\/wp-json\/wp\/v2\/posts\/1104\/revisions"}],"predecessor-version":[{"id":1106,"href":"https:\/\/girasolmultimedios.com\/portal\/wp-json\/wp\/v2\/posts\/1104\/revisions\/1106"}],"wp:featuredmedia":[{"embeddable":true,"href":"https:\/\/girasolmultimedios.com\/portal\/wp-json\/wp\/v2\/media\/1105"}],"wp:attachment":[{"href":"https:\/\/girasolmultimedios.com\/portal\/wp-json\/wp\/v2\/media?parent=1104"}],"wp:term":[{"taxonomy":"category","embeddable":true,"href":"https:\/\/girasolmultimedios.com\/portal\/wp-json\/wp\/v2\/categories?post=1104"},{"taxonomy":"post_tag","embeddable":true,"href":"https:\/\/girasolmultimedios.com\/portal\/wp-json\/wp\/v2\/tags?post=1104"}],"curies":[{"name":"wp","href":"https:\/\/api.w.org\/{rel}","templated":true}]}}