{"id":1113,"date":"2025-10-08T10:21:41","date_gmt":"2025-10-08T16:21:41","guid":{"rendered":"https:\/\/girasolmultimedios.com\/portal\/?p=1113"},"modified":"2025-10-08T10:21:42","modified_gmt":"2025-10-08T16:21:42","slug":"autoridades-municipales-de-olancho-piden-intervencion-policial-por-aumento-de-hechos-violentos","status":"publish","type":"post","link":"https:\/\/girasolmultimedios.com\/portal\/autoridades-municipales-de-olancho-piden-intervencion-policial-por-aumento-de-hechos-violentos\/","title":{"rendered":"\u201cAutoridades municipales de Olancho piden intervenci\u00f3n policial por aumento de hechos violentos\u201d"},"content":{"rendered":"\n<p><strong>CATACAMAS, Olancho.<\/strong> La creciente ola de violencia que afecta al departamento de Olancho ha generado alarma entre las autoridades locales.<\/p>\n\n\n\n<p>El alcalde de Catacamas, <strong>Marco Ramiro Lobo<\/strong>, junto a otros ediles de la regi\u00f3n, solicit\u00f3 a la <strong>Secretar\u00eda de Seguridad<\/strong> una <strong>intervenci\u00f3n inmediata<\/strong> y una <strong>investigaci\u00f3n exhaustiva<\/strong> sobre los hechos delictivos que, seg\u00fan denuncian, se han vuelto cada vez m\u00e1s frecuentes y violentos.<\/p>\n\n\n\n<p>\u201cEstamos sumamente preocupados por lo que ocurre en este municipio y en todo Olancho. No podemos normalizar la violencia ni permitir que los cr\u00edmenes queden impunes. Las investigaciones deben avanzar\u201d, expres\u00f3 el edil.<\/p>\n\n\n\n<p>De acuerdo con datos del <strong>Observatorio de la Violencia de la UNAH<\/strong>, durante la \u00faltima semana <strong>seis mujeres fueron asesinadas<\/strong> en distintos municipios del departamento.<\/p>\n\n\n\n<p>Entre los casos m\u00e1s conmocionantes figuran el de <strong>Mercedes Banegas<\/strong>, de 78 a\u00f1os, quien fue atacada a tiros mientras descansaba en su hamaca en Catacamas, y el de <strong>Anny Michelle Varela<\/strong>, de 20 a\u00f1os, asesinada de 12 disparos dentro de una cantina en el municipio de Patuca.<\/p>\n\n\n\n<p>Las autoridades municipales reiteraron su llamado urgente al Gobierno central para reforzar la presencia policial y garantizar la seguridad de la poblaci\u00f3n.<\/p>\n","protected":false},"excerpt":{"rendered":"<p>CATACAMAS, Olancho. La creciente ola de violencia que afecta al departamento de Olancho ha generado alarma entre las autoridades locales. El alcalde de Catacamas, Marco Ramiro Lobo, junto a otros ediles de la regi\u00f3n, solicit\u00f3 a la Secretar\u00eda de Seguridad una intervenci\u00f3n inmediata y una investigaci\u00f3n exhaustiva sobre los hechos delictivos que, seg\u00fan denuncian, se [&hellip;]<\/p>\n","protected":false},"author":2,"featured_media":1114,"comment_status":"closed","ping_status":"open","sticky":false,"template":"","format":"standard","meta":{"_seopress_robots_primary_cat":"","_seopress_titles_title":"","_seopress_titles_desc":"","_seopress_robots_index":"","footnotes":""},"categories":[1],"tags":[],"class_list":["post-1113","post","type-post","status-publish","format-standard","has-post-thumbnail","hentry","category-sin-categoria"],"_links":{"self":[{"href":"https:\/\/girasolmultimedios.com\/portal\/wp-json\/wp\/v2\/posts\/1113","targetHints":{"allow":["GET"]}}],"collection":[{"href":"https:\/\/girasolmultimedios.com\/portal\/wp-json\/wp\/v2\/posts"}],"about":[{"href":"https:\/\/girasolmultimedios.com\/portal\/wp-json\/wp\/v2\/types\/post"}],"author":[{"embeddable":true,"href":"https:\/\/girasolmultimedios.com\/portal\/wp-json\/wp\/v2\/users\/2"}],"replies":[{"embeddable":true,"href":"https:\/\/girasolmultimedios.com\/portal\/wp-json\/wp\/v2\/comments?post=1113"}],"version-history":[{"count":1,"href":"https:\/\/girasolmultimedios.com\/portal\/wp-json\/wp\/v2\/posts\/1113\/revisions"}],"predecessor-version":[{"id":1115,"href":"https:\/\/girasolmultimedios.com\/portal\/wp-json\/wp\/v2\/posts\/1113\/revisions\/1115"}],"wp:featuredmedia":[{"embeddable":true,"href":"https:\/\/girasolmultimedios.com\/portal\/wp-json\/wp\/v2\/media\/1114"}],"wp:attachment":[{"href":"https:\/\/girasolmultimedios.com\/portal\/wp-json\/wp\/v2\/media?parent=1113"}],"wp:term":[{"taxonomy":"category","embeddable":true,"href":"https:\/\/girasolmultimedios.com\/portal\/wp-json\/wp\/v2\/categories?post=1113"},{"taxonomy":"post_tag","embeddable":true,"href":"https:\/\/girasolmultimedios.com\/portal\/wp-json\/wp\/v2\/tags?post=1113"}],"curies":[{"name":"wp","href":"https:\/\/api.w.org\/{rel}","templated":true}]}}