{"id":1122,"date":"2025-10-09T09:45:06","date_gmt":"2025-10-09T15:45:06","guid":{"rendered":"https:\/\/girasolmultimedios.com\/portal\/?p=1122"},"modified":"2025-10-09T09:45:06","modified_gmt":"2025-10-09T15:45:06","slug":"familia-denuncia-invasion-de-su-propiedad-en-la-costa-norte","status":"publish","type":"post","link":"https:\/\/girasolmultimedios.com\/portal\/familia-denuncia-invasion-de-su-propiedad-en-la-costa-norte\/","title":{"rendered":"Familia denuncia invasi\u00f3n de su propiedad en la Costa Norte"},"content":{"rendered":"\n<p>La familia del ingeniero <strong>Ra\u00fal Flores Guill\u00e9n<\/strong> denunci\u00f3 la invasi\u00f3n de una propiedad privada situada en la zona norte del pa\u00eds, tras la difusi\u00f3n de un video en redes sociales donde un hombre convoca abiertamente a un grupo de personas a \u201ctomar\u201d el terreno.<\/p>\n\n\n\n<p>En las im\u00e1genes se aprecia a un individuo que, frente a varias personas, incita a ocupar un predio perteneciente a la familia <strong>Flores Guill\u00e9n<\/strong>.<\/p>\n\n\n\n<p>De acuerdo con la denuncia, los afectados se\u00f1alan que la <strong>falta de acci\u00f3n del Estado<\/strong> para resolver los conflictos de tierras ha dejado a numerosos propietarios <strong>en situaci\u00f3n de indefensi\u00f3n<\/strong>, mientras que los grupos que impulsan estas tomas act\u00faan con aparente impunidad ante la <strong>ausencia de medidas concretas<\/strong> por parte de las autoridades.<\/p>\n\n\n\n<p>La familia afectada hizo un llamado a las instituciones competentes para que <strong>act\u00faen conforme a la ley<\/strong>, investiguen a los responsables e impidan que contin\u00faen las ocupaciones ilegales.<\/p>\n\n\n\n<p>Hasta el momento, <strong>las autoridades locales no se han pronunciado oficialmente<\/strong> sobre el video ni respecto a la denuncia presentada por los propietarios.<\/p>\n","protected":false},"excerpt":{"rendered":"<p>La familia del ingeniero Ra\u00fal Flores Guill\u00e9n denunci\u00f3 la invasi\u00f3n de una propiedad privada situada en la zona norte del pa\u00eds, tras la difusi\u00f3n de un video en redes sociales donde un hombre convoca abiertamente a un grupo de personas a \u201ctomar\u201d el terreno. En las im\u00e1genes se aprecia a un individuo que, frente a [&hellip;]<\/p>\n","protected":false},"author":2,"featured_media":1123,"comment_status":"closed","ping_status":"open","sticky":false,"template":"","format":"standard","meta":{"_seopress_robots_primary_cat":"","_seopress_titles_title":"","_seopress_titles_desc":"","_seopress_robots_index":"","footnotes":""},"categories":[1],"tags":[],"class_list":["post-1122","post","type-post","status-publish","format-standard","has-post-thumbnail","hentry","category-sin-categoria"],"_links":{"self":[{"href":"https:\/\/girasolmultimedios.com\/portal\/wp-json\/wp\/v2\/posts\/1122","targetHints":{"allow":["GET"]}}],"collection":[{"href":"https:\/\/girasolmultimedios.com\/portal\/wp-json\/wp\/v2\/posts"}],"about":[{"href":"https:\/\/girasolmultimedios.com\/portal\/wp-json\/wp\/v2\/types\/post"}],"author":[{"embeddable":true,"href":"https:\/\/girasolmultimedios.com\/portal\/wp-json\/wp\/v2\/users\/2"}],"replies":[{"embeddable":true,"href":"https:\/\/girasolmultimedios.com\/portal\/wp-json\/wp\/v2\/comments?post=1122"}],"version-history":[{"count":1,"href":"https:\/\/girasolmultimedios.com\/portal\/wp-json\/wp\/v2\/posts\/1122\/revisions"}],"predecessor-version":[{"id":1124,"href":"https:\/\/girasolmultimedios.com\/portal\/wp-json\/wp\/v2\/posts\/1122\/revisions\/1124"}],"wp:featuredmedia":[{"embeddable":true,"href":"https:\/\/girasolmultimedios.com\/portal\/wp-json\/wp\/v2\/media\/1123"}],"wp:attachment":[{"href":"https:\/\/girasolmultimedios.com\/portal\/wp-json\/wp\/v2\/media?parent=1122"}],"wp:term":[{"taxonomy":"category","embeddable":true,"href":"https:\/\/girasolmultimedios.com\/portal\/wp-json\/wp\/v2\/categories?post=1122"},{"taxonomy":"post_tag","embeddable":true,"href":"https:\/\/girasolmultimedios.com\/portal\/wp-json\/wp\/v2\/tags?post=1122"}],"curies":[{"name":"wp","href":"https:\/\/api.w.org\/{rel}","templated":true}]}}