{"id":1125,"date":"2025-10-09T09:50:42","date_gmt":"2025-10-09T15:50:42","guid":{"rendered":"https:\/\/girasolmultimedios.com\/portal\/?p=1125"},"modified":"2025-10-09T09:50:43","modified_gmt":"2025-10-09T15:50:43","slug":"joven-resulta-herido-de-bala-durante-violento-intento-de-asalto","status":"publish","type":"post","link":"https:\/\/girasolmultimedios.com\/portal\/joven-resulta-herido-de-bala-durante-violento-intento-de-asalto\/","title":{"rendered":"Joven resulta herido de bala durante violento intento de asalto"},"content":{"rendered":"\n<p><strong>SIGUATEPEQUE, Comayagua.<\/strong> Un joven de 28 a\u00f1os result\u00f3 gravemente herido tras ser v\u00edctima de un violento asalto en la zona norte de Siguatepeque. El afectado lleg\u00f3 en un veh\u00edculo particular a la estaci\u00f3n del Cuerpo de Bomberos, donde fue auxiliado de emergencia.<\/p>\n\n\n\n<p>De acuerdo con el reporte oficial, durante la ma\u00f1ana de este mi\u00e9rcoles un ciudadano se present\u00f3 a bordo de un pick up trasladando al herido, quien presentaba <strong>m\u00faltiples impactos de bala<\/strong> en la parte superior izquierda del cuerpo.<\/p>\n\n\n\n<p>El personal de la unidad de ambulancia atendi\u00f3 de inmediato al joven, aplic\u00e1ndole <strong>primeros auxilios, limpieza y vendaje de las heridas<\/strong>. Tras ser estabilizado, fue trasladado a un centro asistencial de la ciudad acompa\u00f1ado por su esposa.<\/p>\n\n\n\n<p>Seg\u00fan el testimonio de la mujer, ambos fueron interceptados por <strong>ladrones armados<\/strong> en el desv\u00edo hacia la aldea El Socorro, donde ocurri\u00f3 el ataque. La emergencia fue reportada en las cercan\u00edas del <strong>Hospital Evang\u00e9lico<\/strong>, en el barrio Calanterique, donde los bomberos completaron la atenci\u00f3n m\u00e9dica inicial.<\/p>\n\n\n\n<p>Hasta el momento, <strong>no se han dado a conocer detalles sobre el estado de salud del joven ni sobre los autores del crimen<\/strong>. Las autoridades ya fueron notificadas y se espera que se inicien las investigaciones correspondientes para esclarecer los hechos.<\/p>\n","protected":false},"excerpt":{"rendered":"<p>SIGUATEPEQUE, Comayagua. Un joven de 28 a\u00f1os result\u00f3 gravemente herido tras ser v\u00edctima de un violento asalto en la zona norte de Siguatepeque. El afectado lleg\u00f3 en un veh\u00edculo particular a la estaci\u00f3n del Cuerpo de Bomberos, donde fue auxiliado de emergencia. De acuerdo con el reporte oficial, durante la ma\u00f1ana de este mi\u00e9rcoles un [&hellip;]<\/p>\n","protected":false},"author":2,"featured_media":1126,"comment_status":"closed","ping_status":"open","sticky":false,"template":"","format":"standard","meta":{"_seopress_robots_primary_cat":"","_seopress_titles_title":"","_seopress_titles_desc":"","_seopress_robots_index":"","footnotes":""},"categories":[1],"tags":[],"class_list":["post-1125","post","type-post","status-publish","format-standard","has-post-thumbnail","hentry","category-sin-categoria"],"_links":{"self":[{"href":"https:\/\/girasolmultimedios.com\/portal\/wp-json\/wp\/v2\/posts\/1125","targetHints":{"allow":["GET"]}}],"collection":[{"href":"https:\/\/girasolmultimedios.com\/portal\/wp-json\/wp\/v2\/posts"}],"about":[{"href":"https:\/\/girasolmultimedios.com\/portal\/wp-json\/wp\/v2\/types\/post"}],"author":[{"embeddable":true,"href":"https:\/\/girasolmultimedios.com\/portal\/wp-json\/wp\/v2\/users\/2"}],"replies":[{"embeddable":true,"href":"https:\/\/girasolmultimedios.com\/portal\/wp-json\/wp\/v2\/comments?post=1125"}],"version-history":[{"count":1,"href":"https:\/\/girasolmultimedios.com\/portal\/wp-json\/wp\/v2\/posts\/1125\/revisions"}],"predecessor-version":[{"id":1127,"href":"https:\/\/girasolmultimedios.com\/portal\/wp-json\/wp\/v2\/posts\/1125\/revisions\/1127"}],"wp:featuredmedia":[{"embeddable":true,"href":"https:\/\/girasolmultimedios.com\/portal\/wp-json\/wp\/v2\/media\/1126"}],"wp:attachment":[{"href":"https:\/\/girasolmultimedios.com\/portal\/wp-json\/wp\/v2\/media?parent=1125"}],"wp:term":[{"taxonomy":"category","embeddable":true,"href":"https:\/\/girasolmultimedios.com\/portal\/wp-json\/wp\/v2\/categories?post=1125"},{"taxonomy":"post_tag","embeddable":true,"href":"https:\/\/girasolmultimedios.com\/portal\/wp-json\/wp\/v2\/tags?post=1125"}],"curies":[{"name":"wp","href":"https:\/\/api.w.org\/{rel}","templated":true}]}}