{"id":1131,"date":"2025-10-09T09:57:59","date_gmt":"2025-10-09T15:57:59","guid":{"rendered":"https:\/\/girasolmultimedios.com\/portal\/?p=1131"},"modified":"2025-10-09T09:58:00","modified_gmt":"2025-10-09T15:58:00","slug":"omc-proyecta-un-crecimiento-limitado-del-comercio-mundial-de-bienes-para-2026","status":"publish","type":"post","link":"https:\/\/girasolmultimedios.com\/portal\/omc-proyecta-un-crecimiento-limitado-del-comercio-mundial-de-bienes-para-2026\/","title":{"rendered":"OMC proyecta un crecimiento limitado del comercio mundial de bienes para 2026"},"content":{"rendered":"\n<h5 class=\"wp-block-heading\">En su nuevo informe de previsiones, la OMC se\u00f1ala que, aunque este a\u00f1o los intercambios globales se ver\u00e1n <strong>menos afectados de lo previsto por las tensiones arancelarias<\/strong>, los <strong>efectos negativos podr\u00edan intensificarse el pr\u00f3ximo a\u00f1o<\/strong>.<\/h5>\n\n\n\n<p>Las proyecciones reflejan un panorama mixto: la organizaci\u00f3n muestra <strong>mayor optimismo para 2025<\/strong>, ya que en agosto hab\u00eda estimado un incremento de solo <strong>0.9 %<\/strong>, pero <strong>ajusta a la baja sus expectativas para 2026<\/strong>, cuando previamente anticipaba un crecimiento del <strong>1.8 %<\/strong>.<\/p>\n\n\n\n<p>Durante la <strong>primera mitad de 2025<\/strong>, el comercio mundial de bienes experiment\u00f3 un <strong>crecimiento interanual del 4.9 %<\/strong>, impulsado por el <strong>aumento de las importaciones en Norteam\u00e9rica<\/strong> \u2014ante la inminente aplicaci\u00f3n de nuevos aranceles en EE. UU.\u2014 y por el <strong>auge del comercio de productos vinculados con la inteligencia artificial<\/strong>, inform\u00f3 la OMC.<\/p>\n\n\n\n<p>La organizaci\u00f3n destac\u00f3 que <strong>semiconductores, servidores y equipos de telecomunicaciones<\/strong> representaron casi <strong>la mitad del crecimiento total del comercio<\/strong> en ese periodo, subrayando adem\u00e1s el <strong>papel clave de Asia<\/strong> como principal exportador de estos bienes tecnol\u00f3gicos.<\/p>\n","protected":false},"excerpt":{"rendered":"<p>En su nuevo informe de previsiones, la OMC se\u00f1ala que, aunque este a\u00f1o los intercambios globales se ver\u00e1n menos afectados de lo previsto por las tensiones arancelarias, los efectos negativos podr\u00edan intensificarse el pr\u00f3ximo a\u00f1o. Las proyecciones reflejan un panorama mixto: la organizaci\u00f3n muestra mayor optimismo para 2025, ya que en agosto hab\u00eda estimado un [&hellip;]<\/p>\n","protected":false},"author":2,"featured_media":1132,"comment_status":"closed","ping_status":"open","sticky":false,"template":"","format":"standard","meta":{"_seopress_robots_primary_cat":"","_seopress_titles_title":"","_seopress_titles_desc":"","_seopress_robots_index":"","footnotes":""},"categories":[1],"tags":[],"class_list":["post-1131","post","type-post","status-publish","format-standard","has-post-thumbnail","hentry","category-sin-categoria"],"_links":{"self":[{"href":"https:\/\/girasolmultimedios.com\/portal\/wp-json\/wp\/v2\/posts\/1131","targetHints":{"allow":["GET"]}}],"collection":[{"href":"https:\/\/girasolmultimedios.com\/portal\/wp-json\/wp\/v2\/posts"}],"about":[{"href":"https:\/\/girasolmultimedios.com\/portal\/wp-json\/wp\/v2\/types\/post"}],"author":[{"embeddable":true,"href":"https:\/\/girasolmultimedios.com\/portal\/wp-json\/wp\/v2\/users\/2"}],"replies":[{"embeddable":true,"href":"https:\/\/girasolmultimedios.com\/portal\/wp-json\/wp\/v2\/comments?post=1131"}],"version-history":[{"count":1,"href":"https:\/\/girasolmultimedios.com\/portal\/wp-json\/wp\/v2\/posts\/1131\/revisions"}],"predecessor-version":[{"id":1133,"href":"https:\/\/girasolmultimedios.com\/portal\/wp-json\/wp\/v2\/posts\/1131\/revisions\/1133"}],"wp:featuredmedia":[{"embeddable":true,"href":"https:\/\/girasolmultimedios.com\/portal\/wp-json\/wp\/v2\/media\/1132"}],"wp:attachment":[{"href":"https:\/\/girasolmultimedios.com\/portal\/wp-json\/wp\/v2\/media?parent=1131"}],"wp:term":[{"taxonomy":"category","embeddable":true,"href":"https:\/\/girasolmultimedios.com\/portal\/wp-json\/wp\/v2\/categories?post=1131"},{"taxonomy":"post_tag","embeddable":true,"href":"https:\/\/girasolmultimedios.com\/portal\/wp-json\/wp\/v2\/tags?post=1131"}],"curies":[{"name":"wp","href":"https:\/\/api.w.org\/{rel}","templated":true}]}}