{"id":1134,"date":"2025-10-09T10:02:01","date_gmt":"2025-10-09T16:02:01","guid":{"rendered":"https:\/\/girasolmultimedios.com\/portal\/?p=1134"},"modified":"2025-10-09T10:02:03","modified_gmt":"2025-10-09T16:02:03","slug":"transportistas-protestan-frente-al-cne-por-falta-de-pago-de-servicios-durante-las-elecciones-primarias","status":"publish","type":"post","link":"https:\/\/girasolmultimedios.com\/portal\/transportistas-protestan-frente-al-cne-por-falta-de-pago-de-servicios-durante-las-elecciones-primarias\/","title":{"rendered":"Transportistas protestan frente al CNE por falta de pago de servicios durante las elecciones primarias"},"content":{"rendered":"\n<p>Un grupo de transportistas de carga pesada protagoniz\u00f3 esta ma\u00f1ana del jueves 9 de octubre de 2025 una protesta frente a las instalaciones del <strong>Consejo Nacional Electoral (CNE)<\/strong>, exigiendo el pago por los servicios prestados durante las elecciones primarias.<\/p>\n\n\n\n<p>Los conductores portaban pancartas con mensajes como: <em>\u201cEl voto fue secreto, la falta de pago es p\u00fablica\u201d<\/em>, <em>\u201cQueremos que nos paguen\u201d<\/em> y <em>\u201cBasta de jugar con el sudor del pueblo\u201d<\/em>.<\/p>\n\n\n\n<p>\u00d3scar, uno de los transportistas, habl\u00f3 en representaci\u00f3n del grupo y denunci\u00f3 que ya han pasado siete meses desde que brindaron el servicio sin recibir el pago correspondiente, situaci\u00f3n que los ha colocado en condiciones econ\u00f3micas cr\u00edticas.<\/p>\n\n\n\n<p>Los transportistas anunciaron que <strong>mantendr\u00e1n sus unidades estacionadas frente al CNE hasta recibir el pago<\/strong>, se\u00f1alando que entre 15 y 20 veh\u00edculos permanecen en protesta para visibilizar su reclamo.<\/p>\n\n\n\n<p>\u00d3scar a\u00f1adi\u00f3 que el costo financiero que han asumido ha sido alto, ya que muchos pusieron sus casas como garant\u00eda. \u201cNuestros proveedores ya no conf\u00edan en nosotros. Esta licitaci\u00f3n podr\u00eda fracasar si no se nos toma en cuenta y se nos paga lo que nos corresponde\u201d, concluy\u00f3.<\/p>\n","protected":false},"excerpt":{"rendered":"<p>Un grupo de transportistas de carga pesada protagoniz\u00f3 esta ma\u00f1ana del jueves 9 de octubre de 2025 una protesta frente a las instalaciones del Consejo Nacional Electoral (CNE), exigiendo el pago por los servicios prestados durante las elecciones primarias. Los conductores portaban pancartas con mensajes como: \u201cEl voto fue secreto, la falta de pago es [&hellip;]<\/p>\n","protected":false},"author":2,"featured_media":1135,"comment_status":"closed","ping_status":"open","sticky":false,"template":"","format":"standard","meta":{"_seopress_robots_primary_cat":"","_seopress_titles_title":"","_seopress_titles_desc":"","_seopress_robots_index":"","footnotes":""},"categories":[1],"tags":[],"class_list":["post-1134","post","type-post","status-publish","format-standard","has-post-thumbnail","hentry","category-sin-categoria"],"_links":{"self":[{"href":"https:\/\/girasolmultimedios.com\/portal\/wp-json\/wp\/v2\/posts\/1134","targetHints":{"allow":["GET"]}}],"collection":[{"href":"https:\/\/girasolmultimedios.com\/portal\/wp-json\/wp\/v2\/posts"}],"about":[{"href":"https:\/\/girasolmultimedios.com\/portal\/wp-json\/wp\/v2\/types\/post"}],"author":[{"embeddable":true,"href":"https:\/\/girasolmultimedios.com\/portal\/wp-json\/wp\/v2\/users\/2"}],"replies":[{"embeddable":true,"href":"https:\/\/girasolmultimedios.com\/portal\/wp-json\/wp\/v2\/comments?post=1134"}],"version-history":[{"count":1,"href":"https:\/\/girasolmultimedios.com\/portal\/wp-json\/wp\/v2\/posts\/1134\/revisions"}],"predecessor-version":[{"id":1136,"href":"https:\/\/girasolmultimedios.com\/portal\/wp-json\/wp\/v2\/posts\/1134\/revisions\/1136"}],"wp:featuredmedia":[{"embeddable":true,"href":"https:\/\/girasolmultimedios.com\/portal\/wp-json\/wp\/v2\/media\/1135"}],"wp:attachment":[{"href":"https:\/\/girasolmultimedios.com\/portal\/wp-json\/wp\/v2\/media?parent=1134"}],"wp:term":[{"taxonomy":"category","embeddable":true,"href":"https:\/\/girasolmultimedios.com\/portal\/wp-json\/wp\/v2\/categories?post=1134"},{"taxonomy":"post_tag","embeddable":true,"href":"https:\/\/girasolmultimedios.com\/portal\/wp-json\/wp\/v2\/tags?post=1134"}],"curies":[{"name":"wp","href":"https:\/\/api.w.org\/{rel}","templated":true}]}}