{"id":1146,"date":"2025-10-10T01:25:49","date_gmt":"2025-10-10T07:25:49","guid":{"rendered":"https:\/\/girasolmultimedios.com\/portal\/?p=1146"},"modified":"2025-10-10T01:26:51","modified_gmt":"2025-10-10T07:26:51","slug":"la-presidenta-xiomara-castro-inaugurara-la-140-asamblea-del-cafe-con-77-paises-en-honduras","status":"publish","type":"post","link":"https:\/\/girasolmultimedios.com\/portal\/la-presidenta-xiomara-castro-inaugurara-la-140-asamblea-del-cafe-con-77-paises-en-honduras\/","title":{"rendered":"La presidenta Xiomara Castro inaugurar\u00e1 la 140 Asamblea del Caf\u00e9 con 77 pa\u00edses en Honduras"},"content":{"rendered":"\n<p>La presidenta de\u00a0<strong>Honduras, Xiomara Castro, inaugurar\u00e1 la 140 Asamblea del Consejo Internacional del Caf\u00e9 -de la Organizaci\u00f3n Internacional del Caf\u00e9 (OIC)<\/strong>&#8211; que se celebrar\u00e1 del 13 al 17 de octubre en San Pedro Sula, en el norte del pa\u00eds centroamericano, inform\u00f3 el mi\u00e9rcoles a EFE una fuente oficial.<\/p>\n\n\n\n<p>El evento reunir\u00e1 a representantes de 77 pa\u00edses, muchos de ellos funcionarios gubernamentales, organismos internacionales, productores, exportadores, tostadores, empresas y acad\u00e9micos, lo que lo har\u00e1 un espacio clave para el di\u00e1logo global sobre el futuro del caf\u00e9, afirm\u00f3 la misma fuente.<\/p>\n\n\n\n<p>En el marco de la Asamblea tambi\u00e9n se celebrar\u00e1 el S\u00e9ptimo Foro de Directores Ejecutivos.<\/p>\n\n\n\n<p>Adem\u00e1s, la Asamblea de la OIC \u00abproyectar\u00e1 a Honduras ante el mundo como un pa\u00eds l\u00edder en la producci\u00f3n de caf\u00e9 de calidad y comprometido con el bienestar de sus productores\u00bb, a\u00f1adi\u00f3 la fuente.<\/p>\n\n\n\n<p>Seg\u00fan la Secretar\u00eda de Agricultura de Honduras, los dos eventos en San Pedro Sula, la segunda ciudad m\u00e1s importante de Honduras, \u00abconstituyen una oportunidad estrat\u00e9gica para consolidar el liderazgo internacional del pa\u00eds en materia de caficultura sostenible, calidad de producci\u00f3n e innovaci\u00f3n tecnol\u00f3gica, fortaleciendo su posicionamiento como referente del caf\u00e9 de alta calidad a nivel mundial\u00bb.<\/p>\n\n\n\n<h2 class=\"wp-block-heading\">Participantes en la Asamblea del Caf\u00e9<\/h2>\n\n\n\n<p>A la inauguraci\u00f3n del evento asistir\u00e1n, entre otros, el presidente del Banco de Desarrollo de Am\u00e9rica Latina (CAF), Sergio D\u00edaz; la directora ejecutiva de la OIC, Vanusia Nogueira; el titular de la OIC, Tom Fabozzi; la secretaria hondure\u00f1a de Agricultura y Ganader\u00eda,&nbsp;<strong>Laura Elena Suazo<\/strong>, y el canciller del pa\u00eds anfitri\u00f3n,&nbsp;<strong>Javier Bu<\/strong>, quien dar\u00e1 la bienvenida a los participantes.<\/p>\n\n\n\n<p><strong>Honduras es el primer productor de caf\u00e9 en Centroam\u00e9rica<\/strong>&nbsp;y el octavo a nivel mundial.<\/p>\n\n\n\n<p>El caf\u00e9 es el principal producto de exportaci\u00f3n de Honduras. En la cosecha 2024-2025, que finaliz\u00f3 el pasado 30 de septiembre, el pa\u00eds export\u00f3&nbsp;<strong>6.1 millones de quintales<\/strong>&nbsp;(sacos de 46 kilos), que superaron los&nbsp;<strong>dos mil millones de d\u00f3lares,<\/strong>&nbsp;seg\u00fan el Instituto Hondure\u00f1o del Caf\u00e9 (Ihcaf\u00e9).<\/p>\n\n\n\n<p>Para la cosecha 2025-2026, Honduras prev\u00e9 exportar alrededor de 6.5 millones de quintales.&nbsp;<\/p>\n","protected":false},"excerpt":{"rendered":"<p>La presidenta de\u00a0Honduras, Xiomara Castro, inaugurar\u00e1 la 140 Asamblea del Consejo Internacional del Caf\u00e9 -de la Organizaci\u00f3n Internacional del Caf\u00e9 (OIC)&#8211; que se celebrar\u00e1 del 13 al 17 de octubre en San Pedro Sula, en el norte del pa\u00eds centroamericano, inform\u00f3 el mi\u00e9rcoles a EFE una fuente oficial. El evento reunir\u00e1 a representantes de 77 [&hellip;]<\/p>\n","protected":false},"author":2,"featured_media":1147,"comment_status":"closed","ping_status":"open","sticky":false,"template":"","format":"standard","meta":{"_seopress_robots_primary_cat":"","_seopress_titles_title":"","_seopress_titles_desc":"","_seopress_robots_index":"","footnotes":""},"categories":[23],"tags":[25],"class_list":["post-1146","post","type-post","status-publish","format-standard","has-post-thumbnail","hentry","category-nacionales","tag-honduras"],"_links":{"self":[{"href":"https:\/\/girasolmultimedios.com\/portal\/wp-json\/wp\/v2\/posts\/1146","targetHints":{"allow":["GET"]}}],"collection":[{"href":"https:\/\/girasolmultimedios.com\/portal\/wp-json\/wp\/v2\/posts"}],"about":[{"href":"https:\/\/girasolmultimedios.com\/portal\/wp-json\/wp\/v2\/types\/post"}],"author":[{"embeddable":true,"href":"https:\/\/girasolmultimedios.com\/portal\/wp-json\/wp\/v2\/users\/2"}],"replies":[{"embeddable":true,"href":"https:\/\/girasolmultimedios.com\/portal\/wp-json\/wp\/v2\/comments?post=1146"}],"version-history":[{"count":1,"href":"https:\/\/girasolmultimedios.com\/portal\/wp-json\/wp\/v2\/posts\/1146\/revisions"}],"predecessor-version":[{"id":1148,"href":"https:\/\/girasolmultimedios.com\/portal\/wp-json\/wp\/v2\/posts\/1146\/revisions\/1148"}],"wp:featuredmedia":[{"embeddable":true,"href":"https:\/\/girasolmultimedios.com\/portal\/wp-json\/wp\/v2\/media\/1147"}],"wp:attachment":[{"href":"https:\/\/girasolmultimedios.com\/portal\/wp-json\/wp\/v2\/media?parent=1146"}],"wp:term":[{"taxonomy":"category","embeddable":true,"href":"https:\/\/girasolmultimedios.com\/portal\/wp-json\/wp\/v2\/categories?post=1146"},{"taxonomy":"post_tag","embeddable":true,"href":"https:\/\/girasolmultimedios.com\/portal\/wp-json\/wp\/v2\/tags?post=1146"}],"curies":[{"name":"wp","href":"https:\/\/api.w.org\/{rel}","templated":true}]}}