{"id":1172,"date":"2025-10-10T12:14:52","date_gmt":"2025-10-10T18:14:52","guid":{"rendered":"https:\/\/girasolmultimedios.com\/portal\/?p=1172"},"modified":"2025-10-10T12:14:53","modified_gmt":"2025-10-10T18:14:53","slug":"centenares-de-personas-protestan-en-la-sede-del-ice-en-chicago-donde-permanece-la-guardia-nacional","status":"publish","type":"post","link":"https:\/\/girasolmultimedios.com\/portal\/centenares-de-personas-protestan-en-la-sede-del-ice-en-chicago-donde-permanece-la-guardia-nacional\/","title":{"rendered":"Centenares de personas protestan en la sede del ICE en Chicago, donde permanece la Guardia Nacional"},"content":{"rendered":"\n<p>Varios centenares de personas protestaron este viernes por la ma\u00f1ana a las puertas del centro de detenci\u00f3n del Servicio de Inmigraci\u00f3n y Control de Aduanas (ICE, en ingl\u00e9s) en el \u00e1rea de Chicago, donde hasta una cincuentena de efectivos de la Guardia Nacional de Texas esperan su despliegue.<\/p>\n\n\n\n<p>El despliegue del total de 200 soldados del cuerpo texano, enviado por la Administraci\u00f3n Trump esta semana para brindar protecci\u00f3n a los agentes de ICE en sus redadas migratorias, est\u00e1\u00a0paralizado por el momento, despu\u00e9s de que una jueza federal de Chicago restringiera ayer temporalmente su movilizaci\u00f3n.<\/p>\n\n\n\n<p>La magistrada April M. Perry consider\u00f3 que no existen \u00abpruebas cre\u00edbles\u00bb de riesgo de \u00abrebeli\u00f3n\u00bb, argumento con el que los representantes del Departamento de Justicia (DOJ) trataron de justificar el env\u00edo de las tropas desde Texas.<\/p>\n\n\n\n<p>A pesar de esta decisi\u00f3n, como cada viernes, centenares de manifestantes se congregaron a las puertas del citado centro de ICE, donde ni siquiera se ha facilitado el n\u00famero ni el expediente de las personas que\u00a0el Gobierno de Donald Trump\u00a0cataloga como criminales, y que permanecen privados de libertad dentro del recinto.<\/p>\n\n\n\n<h2 class=\"wp-block-heading\" id=\"h-rechazo-al-ice-en-chicago-sube-la-tension\">Rechazo al ICE en Chicago sube la tensi\u00f3n<\/h2>\n\n\n\n<p>Esta ma\u00f1ana, cuatro helic\u00f3pteros sobrevolaban el \u00e1rea y varias decenas de patrullas cortaron las calles aleda\u00f1as en una protesta con, al menos, cincuenta agentes de la Polic\u00eda de Chicago y que se desarroll\u00f3 mayormente por la v\u00eda pac\u00edfica.<\/p>\n\n\n\n<p>El \u00fanico atisbo de tensi\u00f3n se produjo cuando tres manifestantes cruzaron la l\u00ednea establecida para delinear el per\u00edmetro de la protesta e increparon a uno de los furgones de ICE que llegaba a las instalaciones.<\/p>\n\n\n\n<p>Varios polic\u00edas les propinaron golpes con porras de madera y los ciudadanos acabaron siendo detenidos, entre los abucheos del resto de personas congregadas hacia las fuerzas de seguridad.<\/p>\n\n\n\n<p>\u00abFuera ICE de Chicago\u00bb, \u00ablos inmigrantes son bienvenidos en nuestro vecindario\u00bb o \u00abning\u00fan ser humano\u00a0es ilegal\u00bb fueron algunos de los mensajes que se pod\u00edan leer en las pancartas de los manifestantes.<\/p>\n\n\n\n<p>A las afueras de este centro de detenci\u00f3n, semanas atr\u00e1s se sucedieron escenas de mayor tensi\u00f3n, con la polic\u00eda empleando la fuerza y disparando bolas de goma o lanzando gases lacrim\u00f3genos.<\/p>\n\n\n\n<p>Adem\u00e1s, tambi\u00e9n se decidi\u00f3 cercar el recinto con una valla met\u00e1lica para evitar invasiones y la alcald\u00eda de la ciudad, bajo\u00a0administraci\u00f3n del Partido Dem\u00f3crata, fij\u00f3 las seis de la tarde como hora l\u00edmite para ejercer el derecho a la protesta en la zona; supuestamente para evitar mayores detenciones por parte de la polic\u00eda. EFE<\/p>\n","protected":false},"excerpt":{"rendered":"<p>Varios centenares de personas protestaron este viernes por la ma\u00f1ana a las puertas del centro de detenci\u00f3n del Servicio de Inmigraci\u00f3n y Control de Aduanas (ICE, en ingl\u00e9s) en el \u00e1rea de Chicago, donde hasta una cincuentena de efectivos de la Guardia Nacional de Texas esperan su despliegue. El despliegue del total de 200 soldados [&hellip;]<\/p>\n","protected":false},"author":2,"featured_media":1173,"comment_status":"closed","ping_status":"open","sticky":false,"template":"","format":"standard","meta":{"_seopress_robots_primary_cat":"","_seopress_titles_title":"","_seopress_titles_desc":"","_seopress_robots_index":"","footnotes":""},"categories":[45],"tags":[49,102],"class_list":["post-1172","post","type-post","status-publish","format-standard","has-post-thumbnail","hentry","category-internacionales","tag-donald-trump","tag-eeuu"],"_links":{"self":[{"href":"https:\/\/girasolmultimedios.com\/portal\/wp-json\/wp\/v2\/posts\/1172","targetHints":{"allow":["GET"]}}],"collection":[{"href":"https:\/\/girasolmultimedios.com\/portal\/wp-json\/wp\/v2\/posts"}],"about":[{"href":"https:\/\/girasolmultimedios.com\/portal\/wp-json\/wp\/v2\/types\/post"}],"author":[{"embeddable":true,"href":"https:\/\/girasolmultimedios.com\/portal\/wp-json\/wp\/v2\/users\/2"}],"replies":[{"embeddable":true,"href":"https:\/\/girasolmultimedios.com\/portal\/wp-json\/wp\/v2\/comments?post=1172"}],"version-history":[{"count":1,"href":"https:\/\/girasolmultimedios.com\/portal\/wp-json\/wp\/v2\/posts\/1172\/revisions"}],"predecessor-version":[{"id":1174,"href":"https:\/\/girasolmultimedios.com\/portal\/wp-json\/wp\/v2\/posts\/1172\/revisions\/1174"}],"wp:featuredmedia":[{"embeddable":true,"href":"https:\/\/girasolmultimedios.com\/portal\/wp-json\/wp\/v2\/media\/1173"}],"wp:attachment":[{"href":"https:\/\/girasolmultimedios.com\/portal\/wp-json\/wp\/v2\/media?parent=1172"}],"wp:term":[{"taxonomy":"category","embeddable":true,"href":"https:\/\/girasolmultimedios.com\/portal\/wp-json\/wp\/v2\/categories?post=1172"},{"taxonomy":"post_tag","embeddable":true,"href":"https:\/\/girasolmultimedios.com\/portal\/wp-json\/wp\/v2\/tags?post=1172"}],"curies":[{"name":"wp","href":"https:\/\/api.w.org\/{rel}","templated":true}]}}