{"id":1175,"date":"2025-10-10T12:20:42","date_gmt":"2025-10-10T18:20:42","guid":{"rendered":"https:\/\/girasolmultimedios.com\/portal\/?p=1175"},"modified":"2025-10-10T12:20:42","modified_gmt":"2025-10-10T18:20:42","slug":"papa-leon-xiv-acepta-renuncia-del-obispo-de-danli-jose-antonio-canales-motino","status":"publish","type":"post","link":"https:\/\/girasolmultimedios.com\/portal\/papa-leon-xiv-acepta-renuncia-del-obispo-de-danli-jose-antonio-canales-motino\/","title":{"rendered":"Papa Le\u00f3n XIV acepta renuncia del obispo de Danl\u00ed, Jos\u00e9 Antonio Canales Moti\u00f1o"},"content":{"rendered":"\n<p>La Iglesia Cat\u00f3lica anunci\u00f3 este viernes que el\u00a0Papa Le\u00f3n XIV\u00a0acept\u00f3 la renuncia de Monse\u00f1or Jos\u00e9 Antonio Canales Moti\u00f1o, quien dirig\u00eda la Di\u00f3cesis de Danl\u00ed.<\/p>\n\n\n\n<p>Como parte de los ajustes normales dentro de la Iglesia, el Santo Padre nombr\u00f3 a Monse\u00f1or Teodoro G\u00f3mez Rivera, actual obispo de Choluteca, como Administrador Apost\u00f3lico de Danl\u00ed.<\/p>\n\n\n\n<figure class=\"wp-block-image size-large\"><img alt=\"\" loading=\"lazy\" decoding=\"async\" width=\"742\" height=\"1024\" src=\"https:\/\/girasolmultimedios.com\/portal\/wp-content\/uploads\/IMG-20251010-WA0037-742x1024.jpg\" alt=\"\" class=\"wp-image-1176\" srcset=\"https:\/\/girasolmultimedios.com\/portal\/wp-content\/uploads\/IMG-20251010-WA0037-742x1024.jpg 742w, https:\/\/girasolmultimedios.com\/portal\/wp-content\/uploads\/IMG-20251010-WA0037-218x300.jpg 218w, https:\/\/girasolmultimedios.com\/portal\/wp-content\/uploads\/IMG-20251010-WA0037-109x150.jpg 109w, https:\/\/girasolmultimedios.com\/portal\/wp-content\/uploads\/IMG-20251010-WA0037-768x1059.jpg 768w, https:\/\/girasolmultimedios.com\/portal\/wp-content\/uploads\/IMG-20251010-WA0037.jpg 928w\" sizes=\"auto, (max-width: 742px) 100vw, 742px\" \/><\/figure>\n\n\n\n<p>Con este nombramiento, G\u00f3mez Rivera asumir\u00e1 la administraci\u00f3n de la di\u00f3cesis mientras se designa un nuevo obispo permanente, asegurando la continuidad de la vida eclesial y de las actividades pastorales.<\/p>\n\n\n\n<p>La Iglesia explic\u00f3 que el Administrador Apost\u00f3lico supervisar\u00e1 las parroquias y acompa\u00f1ar\u00e1 a los fieles durante este periodo de transici\u00f3n.<\/p>\n","protected":false},"excerpt":{"rendered":"<p>La Iglesia Cat\u00f3lica anunci\u00f3 este viernes que el\u00a0Papa Le\u00f3n XIV\u00a0acept\u00f3 la renuncia de Monse\u00f1or Jos\u00e9 Antonio Canales Moti\u00f1o, quien dirig\u00eda la Di\u00f3cesis de Danl\u00ed. Como parte de los ajustes normales dentro de la Iglesia, el Santo Padre nombr\u00f3 a Monse\u00f1or Teodoro G\u00f3mez Rivera, actual obispo de Choluteca, como Administrador Apost\u00f3lico de Danl\u00ed. Con este nombramiento, [&hellip;]<\/p>\n","protected":false},"author":2,"featured_media":1177,"comment_status":"closed","ping_status":"open","sticky":false,"template":"","format":"standard","meta":{"_seopress_robots_primary_cat":"","_seopress_titles_title":"","_seopress_titles_desc":"","_seopress_robots_index":"","footnotes":""},"categories":[23],"tags":[25],"class_list":["post-1175","post","type-post","status-publish","format-standard","has-post-thumbnail","hentry","category-nacionales","tag-honduras"],"_links":{"self":[{"href":"https:\/\/girasolmultimedios.com\/portal\/wp-json\/wp\/v2\/posts\/1175","targetHints":{"allow":["GET"]}}],"collection":[{"href":"https:\/\/girasolmultimedios.com\/portal\/wp-json\/wp\/v2\/posts"}],"about":[{"href":"https:\/\/girasolmultimedios.com\/portal\/wp-json\/wp\/v2\/types\/post"}],"author":[{"embeddable":true,"href":"https:\/\/girasolmultimedios.com\/portal\/wp-json\/wp\/v2\/users\/2"}],"replies":[{"embeddable":true,"href":"https:\/\/girasolmultimedios.com\/portal\/wp-json\/wp\/v2\/comments?post=1175"}],"version-history":[{"count":1,"href":"https:\/\/girasolmultimedios.com\/portal\/wp-json\/wp\/v2\/posts\/1175\/revisions"}],"predecessor-version":[{"id":1178,"href":"https:\/\/girasolmultimedios.com\/portal\/wp-json\/wp\/v2\/posts\/1175\/revisions\/1178"}],"wp:featuredmedia":[{"embeddable":true,"href":"https:\/\/girasolmultimedios.com\/portal\/wp-json\/wp\/v2\/media\/1177"}],"wp:attachment":[{"href":"https:\/\/girasolmultimedios.com\/portal\/wp-json\/wp\/v2\/media?parent=1175"}],"wp:term":[{"taxonomy":"category","embeddable":true,"href":"https:\/\/girasolmultimedios.com\/portal\/wp-json\/wp\/v2\/categories?post=1175"},{"taxonomy":"post_tag","embeddable":true,"href":"https:\/\/girasolmultimedios.com\/portal\/wp-json\/wp\/v2\/tags?post=1175"}],"curies":[{"name":"wp","href":"https:\/\/api.w.org\/{rel}","templated":true}]}}