{"id":1179,"date":"2025-10-10T12:26:44","date_gmt":"2025-10-10T18:26:44","guid":{"rendered":"https:\/\/girasolmultimedios.com\/portal\/?p=1179"},"modified":"2025-10-10T12:26:44","modified_gmt":"2025-10-10T18:26:44","slug":"maria-corina-machado-acepta-el-premio-nobel-de-la-paz-2025-y-lo-dedica-a-cada-venezolano","status":"publish","type":"post","link":"https:\/\/girasolmultimedios.com\/portal\/maria-corina-machado-acepta-el-premio-nobel-de-la-paz-2025-y-lo-dedica-a-cada-venezolano\/","title":{"rendered":"Mar\u00eda Corina Machado acepta el Premio Nobel de la Paz 2025 y lo dedica a \u00abcada venezolano\u00bb"},"content":{"rendered":"\n<p>&nbsp;La l\u00edder opositora Mar\u00eda Corina Machado acept\u00f3 este viernes, con \u00abprofunda gratitud\u00bb, el Premio Nobel de la Paz 2025 \u00aben nombre del pueblo de Venezuela, que -dijo- ha luchado por su libertad con admirable coraje, dignidad, inteligencia y amor\u00bb.<\/p>\n\n\n\n<p>\u00abA cada venezolano:\u00a0este premio\u00a0es tuyo. Es un reconocimiento a lo que hemos logrado juntos y un recordatorio de lo que a\u00fan falta. Ahora avanzamos con a\u00fan m\u00e1s fuerza, confianza y fe inquebrantable, porque vamos de la mano de Dios hasta el final\u00bb, expres\u00f3 la exdiputada en un comunicado.<\/p>\n\n\n\n<p>Machado advirti\u00f3 que los venezolanos han \u00absufrido 26 a\u00f1os de violencia y humillaci\u00f3n a manos de una tiran\u00eda obsesionada con someter a los ciudadanos y quebrar el alma de la naci\u00f3n\u00bb.<\/p>\n\n\n\n<p>En ese sentido, escribi\u00f3 que \u00abla maquinaria de la opresi\u00f3n ha sido brutal y sistem\u00e1tica, caracterizada por detenciones, torturas, desapariciones forzadas y ejecuciones extrajudiciales que -afirm\u00f3- constituyen cr\u00edmenes de lesa humanidad y terrorismo de Estado\u00bb.<\/p>\n\n\n\n<p>Sin embargo, prosigui\u00f3, la respuesta del pueblo \u00abha sido firme e indoblegable\u00bb.<\/p>\n\n\n\n<p>\u00abHemos forjado un movimiento c\u00edvico formidable, superando las barreras que el r\u00e9gimen construy\u00f3 para dividirnos, y hemos unido a la naci\u00f3n en un anhelo poderoso: paz en libertad. Esta larga traves\u00eda ha conllevado costos indescriptibles: miles de vidas entregadas y millones forzados a dejar su tierra. Hoy estamos muy cerca de alcanzar nuestro objetivo\u00bb, afirm\u00f3.<\/p>\n\n\n\n<h2 class=\"wp-block-heading\" id=\"h-un-premio-que-da-energia-a-venezuela\">Un premio que da energ\u00eda a Venezuela<\/h2>\n\n\n\n<p>Este premio, seg\u00fan la opositora, es \u00abun impulso \u00fanico que inyecta energ\u00eda y confianza en los venezolanos, dentro y fuera del pa\u00eds, para completar\u00bb su tarea que, como ya dijo este mismo viernes, es la de \u00abconquistar la libertad\u00bb en la naci\u00f3n suramericana.<\/p>\n\n\n\n<p>\u00abEste inmenso respaldo demuestra que la comunidad democr\u00e1tica mundial entiende y comparte nuestra lucha. Es un firme llamado para que la transici\u00f3n a la democracia en Venezuela se concrete de inmediato, tal como lo exigimos contundentemente en la victoria electoral del 28 de julio (de 2024)\u00bb, indic\u00f3, en referencia al reclamado triunfo del opositor Edmundo Gonz\u00e1lez Urrutia en las presidenciales celebradas ese d\u00eda, en las que Nicol\u00e1s Maduro fue proclamado ganador por el organismo electoral, controlado por funcionarios afines al chavismo.<\/p>\n\n\n\n<p>Machado asegur\u00f3 que sus connacionales reconocen que el apoyo de \u00abgenuinos aliados ha sido decisivo\u00bb, por lo que expres\u00f3 su \u00abprofundo agradecimiento\u00bb a \u00ablos pueblos de las Am\u00e9ricas y el mundo y a sus valientes l\u00edderes\u00bb que, asegur\u00f3, los respaldan.<\/p>\n\n\n\n<p>Previamente se hab\u00eda pronunciado en la red social X, donde manifest\u00f3 que el galard\u00f3n representa un \u00abimpulso para concluir\u00bb la tarea de \u00abconquistar la libertad\u00bb en su pa\u00eds, y se\u00f1al\u00f3 al presidente estadounidense, Donald Trump, y a \u00ablas naciones democr\u00e1ticas del mundo\u00bb como aliados para alcanzar ese objetivo.<\/p>\n\n\n\n<h2 class=\"wp-block-heading\" id=\"h-valiente-y-comprometida-defensora-de-la-paz\">\u00abValiente y comprometida defensora de la paz\u00bb<\/h2>\n\n\n\n<p>El Comit\u00e9 Nobel noruego, con sede en Oslo, anunci\u00f3 este viernes que Machado es la ganadora del Nobel de la Paz 2025 \u00abpor su incansable labor en la promoci\u00f3n de los derechos democr\u00e1ticos del pueblo venezolano y por su lucha por lograr una transici\u00f3n justa y pac\u00edfica de la dictadura a la democracia\u00bb.<\/p>\n\n\n\n<p>El premio se otorga a \u00abuna valiente y comprometida defensora de la paz, a una mujer que mantiene viva la llama de la democracia en medio de una creciente oscuridad\u00bb, dijo J\u00f8rgen Watne Frydnes, presidente del Comit\u00e9 Noruego del Nobel, en la lectura del fallo.<\/p>\n\n\n\n<p>Machado ha demostrado que las herramientas de la democracia son tambi\u00e9n las de la paz, subray\u00f3 el comit\u00e9, que agreg\u00f3 que la galardonada encarna la esperanza de un futuro diferente, en el que se protejan los derechos fundamentales de los ciudadanos y se escuchen sus voces.<\/p>\n\n\n\n<p>La opositora permanece en la clandestinidad dentro de su pa\u00eds desde su \u00faltima aparici\u00f3n en p\u00fablico, el pasado 9 de enero, cuando encabez\u00f3 una protesta en Caracas para defender el reclamado triunfo de Gonz\u00e1lez Urrutia en las elecciones presidenciales de 2024, en la v\u00edspera de la toma de posesi\u00f3n de Nicol\u00e1s Maduro, proclamado ganador de esos comicios por un organismo electoral controlado por funcionarios afines al chavismo.<\/p>\n\n\n\n<p>Todos los premios Nobel est\u00e1n dotados este a\u00f1o con 11 millones de coronas suecas (997.000 euros) y se entregar\u00e1n el 10 de diciembre en una doble ceremonia: en Oslo, para el de la Paz, y en Estocolmo, para el resto.<\/p>\n\n\n\n<p>El comit\u00e9 espera que la opositora pueda viajar a Oslo dentro de dos meses para recoger el galard\u00f3n, aunque resalt\u00f3 que es pronto para saberlo y que es necesario resolver antes una cuesti\u00f3n de seguridad \u00abseria\u00bb. EFE<\/p>\n","protected":false},"excerpt":{"rendered":"<p>&nbsp;La l\u00edder opositora Mar\u00eda Corina Machado acept\u00f3 este viernes, con \u00abprofunda gratitud\u00bb, el Premio Nobel de la Paz 2025 \u00aben nombre del pueblo de Venezuela, que -dijo- ha luchado por su libertad con admirable coraje, dignidad, inteligencia y amor\u00bb. \u00abA cada venezolano:\u00a0este premio\u00a0es tuyo. Es un reconocimiento a lo que hemos logrado juntos y un [&hellip;]<\/p>\n","protected":false},"author":2,"featured_media":1180,"comment_status":"closed","ping_status":"open","sticky":false,"template":"","format":"standard","meta":{"_seopress_robots_primary_cat":"","_seopress_titles_title":"","_seopress_titles_desc":"","_seopress_robots_index":"","footnotes":""},"categories":[45],"tags":[],"class_list":["post-1179","post","type-post","status-publish","format-standard","has-post-thumbnail","hentry","category-internacionales"],"_links":{"self":[{"href":"https:\/\/girasolmultimedios.com\/portal\/wp-json\/wp\/v2\/posts\/1179","targetHints":{"allow":["GET"]}}],"collection":[{"href":"https:\/\/girasolmultimedios.com\/portal\/wp-json\/wp\/v2\/posts"}],"about":[{"href":"https:\/\/girasolmultimedios.com\/portal\/wp-json\/wp\/v2\/types\/post"}],"author":[{"embeddable":true,"href":"https:\/\/girasolmultimedios.com\/portal\/wp-json\/wp\/v2\/users\/2"}],"replies":[{"embeddable":true,"href":"https:\/\/girasolmultimedios.com\/portal\/wp-json\/wp\/v2\/comments?post=1179"}],"version-history":[{"count":1,"href":"https:\/\/girasolmultimedios.com\/portal\/wp-json\/wp\/v2\/posts\/1179\/revisions"}],"predecessor-version":[{"id":1181,"href":"https:\/\/girasolmultimedios.com\/portal\/wp-json\/wp\/v2\/posts\/1179\/revisions\/1181"}],"wp:featuredmedia":[{"embeddable":true,"href":"https:\/\/girasolmultimedios.com\/portal\/wp-json\/wp\/v2\/media\/1180"}],"wp:attachment":[{"href":"https:\/\/girasolmultimedios.com\/portal\/wp-json\/wp\/v2\/media?parent=1179"}],"wp:term":[{"taxonomy":"category","embeddable":true,"href":"https:\/\/girasolmultimedios.com\/portal\/wp-json\/wp\/v2\/categories?post=1179"},{"taxonomy":"post_tag","embeddable":true,"href":"https:\/\/girasolmultimedios.com\/portal\/wp-json\/wp\/v2\/tags?post=1179"}],"curies":[{"name":"wp","href":"https:\/\/api.w.org\/{rel}","templated":true}]}}