{"id":1187,"date":"2025-10-13T09:30:56","date_gmt":"2025-10-13T15:30:56","guid":{"rendered":"https:\/\/girasolmultimedios.com\/portal\/?p=1187"},"modified":"2025-10-13T09:30:56","modified_gmt":"2025-10-13T15:30:56","slug":"nino-de-11-anos-muere-atropellado-por-rastra-del-gobierno-de-el-salvador-en-san-pedro-sula","status":"publish","type":"post","link":"https:\/\/girasolmultimedios.com\/portal\/nino-de-11-anos-muere-atropellado-por-rastra-del-gobierno-de-el-salvador-en-san-pedro-sula\/","title":{"rendered":"Ni\u00f1o de 11 a\u00f1os muere atropellado por rastra del Gobierno de El Salvador en San Pedro Sula"},"content":{"rendered":"\n<p>La tranquilidad de la ma\u00f1ana de este lunes se rompi\u00f3 abruptamente en el Segundo Anillo de Circunvalaci\u00f3n de San Pedro Sula. Un ni\u00f1o de apenas 11 a\u00f1os perdi\u00f3 la vida tras ser atropellado por una rastra que, seg\u00fan testigos, portaba distintivos del Gobierno de El Salvador.<\/p>\n\n\n\n<p>El menor intentaba cruzar la v\u00eda cuando fue embestido por el veh\u00edculo pesado. Testigos relataron que el conductor no se detuvo tras el impacto y huy\u00f3 del lugar, dejando tras de s\u00ed una escena de dolor y consternaci\u00f3n.<\/p>\n\n\n\n<p>Vecinos y automovilistas que presenciaron el hecho se congregaron en el sitio, algunos en silencio, otros entre l\u00e1grimas, todos con una misma exigencia: justicia. Adem\u00e1s, denunciaron la falta de se\u00f1alizaci\u00f3n y el escaso control vehicular en una zona que, aseguran, ha sido escenario de m\u00faltiples incidentes.<\/p>\n\n\n\n<p>Agentes de la Direcci\u00f3n Nacional de Vialidad y Transporte (DNVT) llegaron al lugar para acordonar el \u00e1rea y comenzar la recolecci\u00f3n de evidencias. El cuerpo del ni\u00f1o fue trasladado por Medicina Forense a la morgue de San Pedro Sula, mientras las autoridades hondure\u00f1as iniciaron las investigaciones para esclarecer las circunstancias del accidente.<\/p>\n\n\n\n<p>Uno de los puntos clave ser\u00e1 confirmar la procedencia del veh\u00edculo involucrado, que seg\u00fan el r\u00f3tulo visible, estar\u00eda vinculado al Gobierno salvadore\u00f1o. La comunidad espera respuestas, pero sobre todo, que este dolor no quede impune.<\/p>\n","protected":false},"excerpt":{"rendered":"<p>La tranquilidad de la ma\u00f1ana de este lunes se rompi\u00f3 abruptamente en el Segundo Anillo de Circunvalaci\u00f3n de San Pedro Sula. Un ni\u00f1o de apenas 11 a\u00f1os perdi\u00f3 la vida tras ser atropellado por una rastra que, seg\u00fan testigos, portaba distintivos del Gobierno de El Salvador. El menor intentaba cruzar la v\u00eda cuando fue embestido [&hellip;]<\/p>\n","protected":false},"author":2,"featured_media":1188,"comment_status":"closed","ping_status":"open","sticky":false,"template":"","format":"standard","meta":{"_seopress_robots_primary_cat":"","_seopress_titles_title":"","_seopress_titles_desc":"","_seopress_robots_index":"","footnotes":""},"categories":[23],"tags":[25],"class_list":["post-1187","post","type-post","status-publish","format-standard","has-post-thumbnail","hentry","category-nacionales","tag-honduras"],"_links":{"self":[{"href":"https:\/\/girasolmultimedios.com\/portal\/wp-json\/wp\/v2\/posts\/1187","targetHints":{"allow":["GET"]}}],"collection":[{"href":"https:\/\/girasolmultimedios.com\/portal\/wp-json\/wp\/v2\/posts"}],"about":[{"href":"https:\/\/girasolmultimedios.com\/portal\/wp-json\/wp\/v2\/types\/post"}],"author":[{"embeddable":true,"href":"https:\/\/girasolmultimedios.com\/portal\/wp-json\/wp\/v2\/users\/2"}],"replies":[{"embeddable":true,"href":"https:\/\/girasolmultimedios.com\/portal\/wp-json\/wp\/v2\/comments?post=1187"}],"version-history":[{"count":1,"href":"https:\/\/girasolmultimedios.com\/portal\/wp-json\/wp\/v2\/posts\/1187\/revisions"}],"predecessor-version":[{"id":1189,"href":"https:\/\/girasolmultimedios.com\/portal\/wp-json\/wp\/v2\/posts\/1187\/revisions\/1189"}],"wp:featuredmedia":[{"embeddable":true,"href":"https:\/\/girasolmultimedios.com\/portal\/wp-json\/wp\/v2\/media\/1188"}],"wp:attachment":[{"href":"https:\/\/girasolmultimedios.com\/portal\/wp-json\/wp\/v2\/media?parent=1187"}],"wp:term":[{"taxonomy":"category","embeddable":true,"href":"https:\/\/girasolmultimedios.com\/portal\/wp-json\/wp\/v2\/categories?post=1187"},{"taxonomy":"post_tag","embeddable":true,"href":"https:\/\/girasolmultimedios.com\/portal\/wp-json\/wp\/v2\/tags?post=1187"}],"curies":[{"name":"wp","href":"https:\/\/api.w.org\/{rel}","templated":true}]}}