{"id":1190,"date":"2025-10-13T10:41:55","date_gmt":"2025-10-13T16:41:55","guid":{"rendered":"https:\/\/girasolmultimedios.com\/portal\/?p=1190"},"modified":"2025-10-13T11:09:05","modified_gmt":"2025-10-13T17:09:05","slug":"que-se-sabe-del-misterioso-rapto-de-mariela-michell-carbajal-en-cortes","status":"publish","type":"post","link":"https:\/\/girasolmultimedios.com\/portal\/que-se-sabe-del-misterioso-rapto-de-mariela-michell-carbajal-en-cortes\/","title":{"rendered":"\u00bfQu\u00e9 se sabe del misterioso rapto de Mariela Michell Carbajal en Cort\u00e9s?"},"content":{"rendered":"\n<p>Una jovencita cumple hoy cuatro d\u00edas privada de su libertad desde que un grupo de robacasas fuertemente armados irrumpi\u00f3 en su vivienda y se la llev\u00f3 por la fuerza en la colonia Monte Carmelo, sector El Milagro, en el municipio de Villanueva,\u00a0Cort\u00e9s.<\/p>\n\n\n\n<p>La v\u00edctima fue identificada como Mariela Michell Carbajal, una joven de 19 a\u00f1os, integrante de la Banda Independiente Dos Caminos, muy querida en su comunidad por su entusiasmo y amor por la m\u00fasica.<\/p>\n\n\n\n<h4 class=\"wp-block-heading\"><strong>Robo y rapto en plena madrugada<\/strong><\/h4>\n\n\n\n<p>Seg\u00fan relataron sus familiares, el hecho ocurri\u00f3 alrededor de las 5:00 de la ma\u00f1ana del pasado 9 de octubre, cuando tres hombres armados ingresaron a la vivienda mientras la familia se preparaba para comenzar el d\u00eda.<\/p>\n\n\n\n<p>Los sujetos se llevaron a la fuerza a la joven, adem\u00e1s de sustraer tel\u00e9fonos, tabletas electr\u00f3nicas y dinero en efectivo pertenecientes a la peque\u00f1a pulper\u00eda familiar.<\/p>\n","protected":false},"excerpt":{"rendered":"<p>Una jovencita cumple hoy cuatro d\u00edas privada de su libertad desde que un grupo de robacasas fuertemente armados irrumpi\u00f3 en su vivienda y se la llev\u00f3 por la fuerza en la colonia Monte Carmelo, sector El Milagro, en el municipio de Villanueva,\u00a0Cort\u00e9s. La v\u00edctima fue identificada como Mariela Michell Carbajal, una joven de 19 a\u00f1os, [&hellip;]<\/p>\n","protected":false},"author":2,"featured_media":1204,"comment_status":"closed","ping_status":"open","sticky":false,"template":"","format":"standard","meta":{"_seopress_robots_primary_cat":"","_seopress_titles_title":"","_seopress_titles_desc":"","_seopress_robots_index":"","footnotes":""},"categories":[1],"tags":[],"class_list":["post-1190","post","type-post","status-publish","format-standard","has-post-thumbnail","hentry","category-sin-categoria"],"_links":{"self":[{"href":"https:\/\/girasolmultimedios.com\/portal\/wp-json\/wp\/v2\/posts\/1190","targetHints":{"allow":["GET"]}}],"collection":[{"href":"https:\/\/girasolmultimedios.com\/portal\/wp-json\/wp\/v2\/posts"}],"about":[{"href":"https:\/\/girasolmultimedios.com\/portal\/wp-json\/wp\/v2\/types\/post"}],"author":[{"embeddable":true,"href":"https:\/\/girasolmultimedios.com\/portal\/wp-json\/wp\/v2\/users\/2"}],"replies":[{"embeddable":true,"href":"https:\/\/girasolmultimedios.com\/portal\/wp-json\/wp\/v2\/comments?post=1190"}],"version-history":[{"count":1,"href":"https:\/\/girasolmultimedios.com\/portal\/wp-json\/wp\/v2\/posts\/1190\/revisions"}],"predecessor-version":[{"id":1192,"href":"https:\/\/girasolmultimedios.com\/portal\/wp-json\/wp\/v2\/posts\/1190\/revisions\/1192"}],"wp:featuredmedia":[{"embeddable":true,"href":"https:\/\/girasolmultimedios.com\/portal\/wp-json\/wp\/v2\/media\/1204"}],"wp:attachment":[{"href":"https:\/\/girasolmultimedios.com\/portal\/wp-json\/wp\/v2\/media?parent=1190"}],"wp:term":[{"taxonomy":"category","embeddable":true,"href":"https:\/\/girasolmultimedios.com\/portal\/wp-json\/wp\/v2\/categories?post=1190"},{"taxonomy":"post_tag","embeddable":true,"href":"https:\/\/girasolmultimedios.com\/portal\/wp-json\/wp\/v2\/tags?post=1190"}],"curies":[{"name":"wp","href":"https:\/\/api.w.org\/{rel}","templated":true}]}}