{"id":1208,"date":"2025-10-15T09:09:27","date_gmt":"2025-10-15T15:09:27","guid":{"rendered":"https:\/\/girasolmultimedios.com\/portal\/?p=1208"},"modified":"2025-10-15T09:09:27","modified_gmt":"2025-10-15T15:09:27","slug":"capturan-a-taxista-y-menor-de-edad-por-extorsion-y-trafico-de-drogas","status":"publish","type":"post","link":"https:\/\/girasolmultimedios.com\/portal\/capturan-a-taxista-y-menor-de-edad-por-extorsion-y-trafico-de-drogas\/","title":{"rendered":"Capturan a taxista y menor de edad por extorsi\u00f3n y tr\u00e1fico de drogas"},"content":{"rendered":"\n<p>La\u00a0Direcci\u00f3n Policial Anti Maras y Pandillas Contra el Crimen Organizado (Dipampco)\u00a0captur\u00f3 a dos personas vinculadas a la extorsi\u00f3n y tr\u00e1fico de drogas durante operativos simult\u00e1neos ejecutados en Tegucigalpa como parte del \u201cPlan Soluci\u00f3n Contra el Crimen\u201d.<\/p>\n\n\n\n<p>En el barrio El Bosque, los agentes arrestaron a Carlos Enrique Larios \u00c1vila, de 34 a\u00f1os, quien utilizaba su taxi para cobrar extorsiones en nombre de la organizaci\u00f3n criminal \u201cLos Vatos Locos\u201d.<\/p>\n\n\n\n<p>Durante su detenci\u00f3n, la Dipampco decomis\u00f3 dinero en efectivo y un tel\u00e9fono celular que ser\u00e1 analizado para identificar a otros miembros de la estructura.<\/p>\n\n\n\n<p>En una segunda operaci\u00f3n, desarrollada en la aldea Mateo, la Polic\u00eda requiri\u00f3 a un menor de 15 a\u00f1os presuntamente vinculado a la Pandilla 18, acusado de distribuir drogas en distintos puntos de la capital.<\/p>\n\n\n\n<p>Asimismo, en el operativo se incautaron varios paquetes de supuesta marihuana con un peso total superior a cinco libras.<\/p>\n\n\n\n<p>La Dipampco, en coordinaci\u00f3n con la Fiscal\u00eda Especial Contra el Crimen Organizado y la Unidad de Microtr\u00e1fico del Ministerio P\u00fablico, reafirm\u00f3 su compromiso de desarticular las estructuras delictivas que amenazan la seguridad y la econom\u00eda nacional, e inst\u00f3 a la poblaci\u00f3n a continuar colaborando mediante denuncias an\u00f3nimas al n\u00famero 143.<\/p>\n","protected":false},"excerpt":{"rendered":"<p>La\u00a0Direcci\u00f3n Policial Anti Maras y Pandillas Contra el Crimen Organizado (Dipampco)\u00a0captur\u00f3 a dos personas vinculadas a la extorsi\u00f3n y tr\u00e1fico de drogas durante operativos simult\u00e1neos ejecutados en Tegucigalpa como parte del \u201cPlan Soluci\u00f3n Contra el Crimen\u201d. En el barrio El Bosque, los agentes arrestaron a Carlos Enrique Larios \u00c1vila, de 34 a\u00f1os, quien utilizaba su [&hellip;]<\/p>\n","protected":false},"author":2,"featured_media":1209,"comment_status":"closed","ping_status":"open","sticky":false,"template":"","format":"standard","meta":{"_seopress_robots_primary_cat":"","_seopress_titles_title":"","_seopress_titles_desc":"","_seopress_robots_index":"","footnotes":""},"categories":[1],"tags":[],"class_list":["post-1208","post","type-post","status-publish","format-standard","has-post-thumbnail","hentry","category-sin-categoria"],"_links":{"self":[{"href":"https:\/\/girasolmultimedios.com\/portal\/wp-json\/wp\/v2\/posts\/1208","targetHints":{"allow":["GET"]}}],"collection":[{"href":"https:\/\/girasolmultimedios.com\/portal\/wp-json\/wp\/v2\/posts"}],"about":[{"href":"https:\/\/girasolmultimedios.com\/portal\/wp-json\/wp\/v2\/types\/post"}],"author":[{"embeddable":true,"href":"https:\/\/girasolmultimedios.com\/portal\/wp-json\/wp\/v2\/users\/2"}],"replies":[{"embeddable":true,"href":"https:\/\/girasolmultimedios.com\/portal\/wp-json\/wp\/v2\/comments?post=1208"}],"version-history":[{"count":1,"href":"https:\/\/girasolmultimedios.com\/portal\/wp-json\/wp\/v2\/posts\/1208\/revisions"}],"predecessor-version":[{"id":1210,"href":"https:\/\/girasolmultimedios.com\/portal\/wp-json\/wp\/v2\/posts\/1208\/revisions\/1210"}],"wp:featuredmedia":[{"embeddable":true,"href":"https:\/\/girasolmultimedios.com\/portal\/wp-json\/wp\/v2\/media\/1209"}],"wp:attachment":[{"href":"https:\/\/girasolmultimedios.com\/portal\/wp-json\/wp\/v2\/media?parent=1208"}],"wp:term":[{"taxonomy":"category","embeddable":true,"href":"https:\/\/girasolmultimedios.com\/portal\/wp-json\/wp\/v2\/categories?post=1208"},{"taxonomy":"post_tag","embeddable":true,"href":"https:\/\/girasolmultimedios.com\/portal\/wp-json\/wp\/v2\/tags?post=1208"}],"curies":[{"name":"wp","href":"https:\/\/api.w.org\/{rel}","templated":true}]}}