{"id":1211,"date":"2025-10-15T09:11:59","date_gmt":"2025-10-15T15:11:59","guid":{"rendered":"https:\/\/girasolmultimedios.com\/portal\/?p=1211"},"modified":"2025-10-15T09:11:59","modified_gmt":"2025-10-15T15:11:59","slug":"conozca-que-calles-estan-cerradas-este-dia-por-instalacion-del-congreso-nacional-infantil","status":"publish","type":"post","link":"https:\/\/girasolmultimedios.com\/portal\/conozca-que-calles-estan-cerradas-este-dia-por-instalacion-del-congreso-nacional-infantil\/","title":{"rendered":"Conozca que calles est\u00e1n cerradas este d\u00eda por instalaci\u00f3n del Congreso Nacional Infantil"},"content":{"rendered":"\n<p>La\u00a0Secretar\u00eda de Seguridad\u00a0a trav\u00e9s de la Polic\u00eda Nacional inform\u00f3 que este mi\u00e9rcoles se mantendr\u00e1n calles cerradas por la instalaci\u00f3n del Congreso Nacional Infantil de la Rep\u00fablica de Honduras.<\/p>\n\n\n\n<p>Esta medida tendr\u00e1 el acceso bloqueado de calles desde las 5:00 de la ma\u00f1ana hasta las 10:00 de la ma\u00f1ana.<\/p>\n\n\n\n<h4 class=\"wp-block-heading\"><em><strong>\u00bfQu\u00e9 calles estar\u00e1n cerradas?<\/strong><\/em><\/h4>\n\n\n\n<p>Intersecci\u00f3n calle del Olvido y calle de Intur.<\/p>\n\n\n\n<p>Puente Mallol.<\/p>\n\n\n\n<p>Intersecci\u00f3n calle Marco Soto y Puente Soberan\u00eda.<\/p>\n\n\n\n<p>Intersecci\u00f3n avenida Miguel Cervantes y calle Mendieta (Larach &amp; Cia).<\/p>\n\n\n\n<p>Intersecci\u00f3n calle Bolivar y Avenida Miguel Cervantes (sem\u00e1foro frente al Parque Central)<\/p>\n\n\n\n<p>Intersecci\u00f3n Calle Matute (frente a Villa San Miguel).<\/p>\n","protected":false},"excerpt":{"rendered":"<p>La\u00a0Secretar\u00eda de Seguridad\u00a0a trav\u00e9s de la Polic\u00eda Nacional inform\u00f3 que este mi\u00e9rcoles se mantendr\u00e1n calles cerradas por la instalaci\u00f3n del Congreso Nacional Infantil de la Rep\u00fablica de Honduras. Esta medida tendr\u00e1 el acceso bloqueado de calles desde las 5:00 de la ma\u00f1ana hasta las 10:00 de la ma\u00f1ana. \u00bfQu\u00e9 calles estar\u00e1n cerradas? Intersecci\u00f3n calle del [&hellip;]<\/p>\n","protected":false},"author":2,"featured_media":1212,"comment_status":"closed","ping_status":"open","sticky":false,"template":"","format":"standard","meta":{"_seopress_robots_primary_cat":"","_seopress_titles_title":"","_seopress_titles_desc":"","_seopress_robots_index":"","footnotes":""},"categories":[1],"tags":[],"class_list":["post-1211","post","type-post","status-publish","format-standard","has-post-thumbnail","hentry","category-sin-categoria"],"_links":{"self":[{"href":"https:\/\/girasolmultimedios.com\/portal\/wp-json\/wp\/v2\/posts\/1211","targetHints":{"allow":["GET"]}}],"collection":[{"href":"https:\/\/girasolmultimedios.com\/portal\/wp-json\/wp\/v2\/posts"}],"about":[{"href":"https:\/\/girasolmultimedios.com\/portal\/wp-json\/wp\/v2\/types\/post"}],"author":[{"embeddable":true,"href":"https:\/\/girasolmultimedios.com\/portal\/wp-json\/wp\/v2\/users\/2"}],"replies":[{"embeddable":true,"href":"https:\/\/girasolmultimedios.com\/portal\/wp-json\/wp\/v2\/comments?post=1211"}],"version-history":[{"count":1,"href":"https:\/\/girasolmultimedios.com\/portal\/wp-json\/wp\/v2\/posts\/1211\/revisions"}],"predecessor-version":[{"id":1213,"href":"https:\/\/girasolmultimedios.com\/portal\/wp-json\/wp\/v2\/posts\/1211\/revisions\/1213"}],"wp:featuredmedia":[{"embeddable":true,"href":"https:\/\/girasolmultimedios.com\/portal\/wp-json\/wp\/v2\/media\/1212"}],"wp:attachment":[{"href":"https:\/\/girasolmultimedios.com\/portal\/wp-json\/wp\/v2\/media?parent=1211"}],"wp:term":[{"taxonomy":"category","embeddable":true,"href":"https:\/\/girasolmultimedios.com\/portal\/wp-json\/wp\/v2\/categories?post=1211"},{"taxonomy":"post_tag","embeddable":true,"href":"https:\/\/girasolmultimedios.com\/portal\/wp-json\/wp\/v2\/tags?post=1211"}],"curies":[{"name":"wp","href":"https:\/\/api.w.org\/{rel}","templated":true}]}}