{"id":1214,"date":"2025-10-15T09:13:59","date_gmt":"2025-10-15T15:13:59","guid":{"rendered":"https:\/\/girasolmultimedios.com\/portal\/?p=1214"},"modified":"2025-10-15T09:14:00","modified_gmt":"2025-10-15T15:14:00","slug":"hombre-muere-al-caer-del-techo-mientras-reparaba-goteras-en-comayaguela","status":"publish","type":"post","link":"https:\/\/girasolmultimedios.com\/portal\/hombre-muere-al-caer-del-techo-mientras-reparaba-goteras-en-comayaguela\/","title":{"rendered":"Hombre muere al caer del techo mientras reparaba goteras en Comayag\u00fcela"},"content":{"rendered":"\n<p>Un tr\u00e1gico accidente ocurri\u00f3 la noche del martes en la colonia Modesto Rodas, en&nbsp;<a href=\"https:\/\/es.wikipedia.org\/wiki\/Comayag%C3%BCela\">Comayag\u00fcela<\/a>, donde un hombre de entre 40 y 50 a\u00f1os perdi\u00f3 la vida tras caer del techo de su vivienda mientras intentaba reparar goteras provocadas por las lluvias recientes.<\/p>\n\n\n\n<p>De acuerdo con testigos, el hombre subi\u00f3 al techo para cubrir los orificios por donde se filtraba el agua hacia el interior de su hogar. Sin embargo, por causas a\u00fan no esclarecidas, perdi\u00f3 el equilibrio y cay\u00f3, golpe\u00e1ndose fuertemente contra el suelo.<\/p>\n\n\n\n<p>Otra versi\u00f3n preliminar indica que el ciudadano pudo haber tenido contacto con un cable el\u00e9ctrico suelto. Al tocar la l\u00e1mina de zinc, habr\u00eda recibido una descarga el\u00e9ctrica que le provoc\u00f3 la ca\u00edda inmediata.<\/p>\n\n\n\n<p>Vecinos alertaron a los cuerpos de socorro y al Cuerpo de Bomberos, quienes acudieron r\u00e1pidamente, pero lamentablemente el hombre ya no presentaba signos vitales. Posteriormente, Medicina Forense realiz\u00f3 el levantamiento del cuerpo.<\/p>\n\n\n\n<h4 class=\"wp-block-heading\"><strong>M\u00e1s de 580 muertes accidentales en lo que va del a\u00f1o<\/strong><\/h4>\n\n\n\n<p>Seg\u00fan datos del Sistema Estad\u00edstico Policial en L\u00ednea (Sepol), entre enero y octubre de 2025 se han registrado 582 muertes accidentales en Honduras. Los departamentos con m\u00e1s casos son Francisco Moraz\u00e1n, Cort\u00e9s, Atl\u00e1ntida, Intibuc\u00e1, La Paz, Olancho, Comayagua, Choluteca, Yoro y El Para\u00edso.<\/p>\n\n\n\n<h4 class=\"wp-block-heading\"><strong>Honduras bajo alerta por lluvias<\/strong><\/h4>\n\n\n\n<p>La Comisi\u00f3n Permanente de Contingencias (Copeco) mantiene alerta roja en el Distrito Central, debido a las intensas lluvias que han provocado deslizamientos y da\u00f1os estructurales.<\/p>\n\n\n\n<h4 class=\"wp-block-heading\"><strong>Alerta roja: Distrito Central<\/strong><\/h4>\n\n\n\n<p>Alerta amarilla: Choluteca, Valle, Comayagua, La Paz, Intibuc\u00e1 y resto de Francisco Moraz\u00e1n<\/p>\n","protected":false},"excerpt":{"rendered":"<p>Un tr\u00e1gico accidente ocurri\u00f3 la noche del martes en la colonia Modesto Rodas, en&nbsp;Comayag\u00fcela, donde un hombre de entre 40 y 50 a\u00f1os perdi\u00f3 la vida tras caer del techo de su vivienda mientras intentaba reparar goteras provocadas por las lluvias recientes. De acuerdo con testigos, el hombre subi\u00f3 al techo para cubrir los orificios [&hellip;]<\/p>\n","protected":false},"author":2,"featured_media":1215,"comment_status":"closed","ping_status":"open","sticky":false,"template":"","format":"standard","meta":{"_seopress_robots_primary_cat":"","_seopress_titles_title":"","_seopress_titles_desc":"","_seopress_robots_index":"","footnotes":""},"categories":[1],"tags":[],"class_list":["post-1214","post","type-post","status-publish","format-standard","has-post-thumbnail","hentry","category-sin-categoria"],"_links":{"self":[{"href":"https:\/\/girasolmultimedios.com\/portal\/wp-json\/wp\/v2\/posts\/1214","targetHints":{"allow":["GET"]}}],"collection":[{"href":"https:\/\/girasolmultimedios.com\/portal\/wp-json\/wp\/v2\/posts"}],"about":[{"href":"https:\/\/girasolmultimedios.com\/portal\/wp-json\/wp\/v2\/types\/post"}],"author":[{"embeddable":true,"href":"https:\/\/girasolmultimedios.com\/portal\/wp-json\/wp\/v2\/users\/2"}],"replies":[{"embeddable":true,"href":"https:\/\/girasolmultimedios.com\/portal\/wp-json\/wp\/v2\/comments?post=1214"}],"version-history":[{"count":1,"href":"https:\/\/girasolmultimedios.com\/portal\/wp-json\/wp\/v2\/posts\/1214\/revisions"}],"predecessor-version":[{"id":1216,"href":"https:\/\/girasolmultimedios.com\/portal\/wp-json\/wp\/v2\/posts\/1214\/revisions\/1216"}],"wp:featuredmedia":[{"embeddable":true,"href":"https:\/\/girasolmultimedios.com\/portal\/wp-json\/wp\/v2\/media\/1215"}],"wp:attachment":[{"href":"https:\/\/girasolmultimedios.com\/portal\/wp-json\/wp\/v2\/media?parent=1214"}],"wp:term":[{"taxonomy":"category","embeddable":true,"href":"https:\/\/girasolmultimedios.com\/portal\/wp-json\/wp\/v2\/categories?post=1214"},{"taxonomy":"post_tag","embeddable":true,"href":"https:\/\/girasolmultimedios.com\/portal\/wp-json\/wp\/v2\/tags?post=1214"}],"curies":[{"name":"wp","href":"https:\/\/api.w.org\/{rel}","templated":true}]}}