{"id":1230,"date":"2025-10-15T09:32:20","date_gmt":"2025-10-15T15:32:20","guid":{"rendered":"https:\/\/girasolmultimedios.com\/portal\/?p=1230"},"modified":"2025-10-15T09:32:20","modified_gmt":"2025-10-15T15:32:20","slug":"capacitadores-del-cne-fortalecen-la-formacion-electoral-en-todo-el-pais","status":"publish","type":"post","link":"https:\/\/girasolmultimedios.com\/portal\/capacitadores-del-cne-fortalecen-la-formacion-electoral-en-todo-el-pais\/","title":{"rendered":"Capacitadores del CNE fortalecen la formaci\u00f3n electoral en todo el pa\u00eds"},"content":{"rendered":"\n<p>En el marco de las Elecciones Generales 2025, el Consejo Nacional Electoral (CNE), a trav\u00e9s del Instituto Nacional de Formaci\u00f3n Pol\u00edtico Electoral (INFPE), inici\u00f3 la ejecuci\u00f3n del Modelo Complementario de Capacitaci\u00f3n Electoral CNE\u2013Partidos Pol\u00edticos, con el objetivo de fortalecer las competencias t\u00e9cnicas y administrativas de los instructores que capacitar\u00e1n a los miembros de las Juntas Receptoras de Votos (JRV)y los Custodios Inform\u00e1ticos Electorales CIE<\/p>\n\n\n\n<p>El programa de formaci\u00f3n se desarrolla de manera simult\u00e1nea en los 18 departamentos del pa\u00eds, con jornadas presenciales que abordan temas clave como la administraci\u00f3n de las JRV, el uso y manejo del sistema de Transmisi\u00f3n de Resultados Electorales Preliminares (TREP) y el sistema biom\u00e9trico de identificaci\u00f3n.<\/p>\n\n\n\n<p>Cada partido pol\u00edtico cuenta con su grupo de instructores, seleccionados por su experiencia y conocimiento local, quienes replicar\u00e1n la capacitaci\u00f3n en sus respectivas estructuras. El CNE provee a los participantes material did\u00e1ctico, alimentaci\u00f3n, estipendio de transporte y diploma de reconocimiento, garantizando condiciones adecuadas para el desarrollo de las jornadas.<\/p>\n\n\n\n<p>Estas acciones reflejan el compromiso del CNE con la transparencia, la participaci\u00f3n ciudadana y la formaci\u00f3n democr\u00e1tica, pilares esenciales para el fortalecimiento del proceso electoral y la confianza en los resultados del pr\u00f3ximo 30 de noviembre.<\/p>\n","protected":false},"excerpt":{"rendered":"<p>En el marco de las Elecciones Generales 2025, el Consejo Nacional Electoral (CNE), a trav\u00e9s del Instituto Nacional de Formaci\u00f3n Pol\u00edtico Electoral (INFPE), inici\u00f3 la ejecuci\u00f3n del Modelo Complementario de Capacitaci\u00f3n Electoral CNE\u2013Partidos Pol\u00edticos, con el objetivo de fortalecer las competencias t\u00e9cnicas y administrativas de los instructores que capacitar\u00e1n a los miembros de las Juntas [&hellip;]<\/p>\n","protected":false},"author":2,"featured_media":1231,"comment_status":"closed","ping_status":"open","sticky":false,"template":"","format":"standard","meta":{"_seopress_robots_primary_cat":"","_seopress_titles_title":"","_seopress_titles_desc":"","_seopress_robots_index":"","footnotes":""},"categories":[1],"tags":[],"class_list":["post-1230","post","type-post","status-publish","format-standard","has-post-thumbnail","hentry","category-sin-categoria"],"_links":{"self":[{"href":"https:\/\/girasolmultimedios.com\/portal\/wp-json\/wp\/v2\/posts\/1230","targetHints":{"allow":["GET"]}}],"collection":[{"href":"https:\/\/girasolmultimedios.com\/portal\/wp-json\/wp\/v2\/posts"}],"about":[{"href":"https:\/\/girasolmultimedios.com\/portal\/wp-json\/wp\/v2\/types\/post"}],"author":[{"embeddable":true,"href":"https:\/\/girasolmultimedios.com\/portal\/wp-json\/wp\/v2\/users\/2"}],"replies":[{"embeddable":true,"href":"https:\/\/girasolmultimedios.com\/portal\/wp-json\/wp\/v2\/comments?post=1230"}],"version-history":[{"count":1,"href":"https:\/\/girasolmultimedios.com\/portal\/wp-json\/wp\/v2\/posts\/1230\/revisions"}],"predecessor-version":[{"id":1232,"href":"https:\/\/girasolmultimedios.com\/portal\/wp-json\/wp\/v2\/posts\/1230\/revisions\/1232"}],"wp:featuredmedia":[{"embeddable":true,"href":"https:\/\/girasolmultimedios.com\/portal\/wp-json\/wp\/v2\/media\/1231"}],"wp:attachment":[{"href":"https:\/\/girasolmultimedios.com\/portal\/wp-json\/wp\/v2\/media?parent=1230"}],"wp:term":[{"taxonomy":"category","embeddable":true,"href":"https:\/\/girasolmultimedios.com\/portal\/wp-json\/wp\/v2\/categories?post=1230"},{"taxonomy":"post_tag","embeddable":true,"href":"https:\/\/girasolmultimedios.com\/portal\/wp-json\/wp\/v2\/tags?post=1230"}],"curies":[{"name":"wp","href":"https:\/\/api.w.org\/{rel}","templated":true}]}}