{"id":1246,"date":"2025-10-16T05:53:39","date_gmt":"2025-10-16T11:53:39","guid":{"rendered":"https:\/\/girasolmultimedios.com\/portal\/?p=1246"},"modified":"2025-10-16T05:53:40","modified_gmt":"2025-10-16T11:53:40","slug":"el-papa-leon-xiv-denuncia-ante-la-fao-el-uso-cruel-del-hambre-como-arma-de-guerra-y-la-situacion-en-gaza","status":"publish","type":"post","link":"https:\/\/girasolmultimedios.com\/portal\/el-papa-leon-xiv-denuncia-ante-la-fao-el-uso-cruel-del-hambre-como-arma-de-guerra-y-la-situacion-en-gaza\/","title":{"rendered":"El papa Le\u00f3n XIV denuncia ante la FAO el uso \u00abcruel\u00bb del hambre como \u00abarma de guerra\u00bb y la situaci\u00f3n en Gaza"},"content":{"rendered":"\n<p>El papa Le\u00f3n XIV ha denunciado el \u00abuso de los alimentos como arma de guerra\u00bb y la carest\u00eda en lugares como Gaza o Ucrania, durante su intervenci\u00f3n este jueves en los actos del D\u00eda Mundial de la Alimentaci\u00f3n en la sede romana de la Organizaci\u00f3n de Naciones Unidas para la Alimentaci\u00f3n y la Agricultura (FAO).<br><br>\u00abLos escenarios de los conflictos actuales han hecho resurgir el uso de los alimentos como arma de guerra, contradiciendo todo el trabajo de sensibilizaci\u00f3n llevado adelante por la FAO durante estas ocho d\u00e9cadas\u00bb, lament\u00f3 durante el discurso inaugural del foro.<\/p>\n\n\n\n<p>El pont\u00edfice estadounidense se desplaz\u00f3 esta ma\u00f1ana del Vaticano hasta la sede romana de la FAO para participar en los actos del D\u00eda Mundial de la Alimentaci\u00f3n junto a otras autoridades como la reina Letizia de Espa\u00f1a o el presidente de Uruguay, Yamand\u00fa Orsi.&nbsp;<\/p>\n\n\n\n<h2 class=\"wp-block-heading\" id=\"h-el-papa-recuerda-que-la-onu-condena-esta-practica\">El papa recuerda que la ONU condena esta pr\u00e1ctica<\/h2>\n\n\n\n<p>En su largo discurso, pronunciado en espa\u00f1ol e ingl\u00e9s, Le\u00f3n XIV asever\u00f3 que \u00abcada vez parece alejarse m\u00e1s ese consenso expresado por los Estados que considera la inanici\u00f3n deliberada un crimen de guerra\u00bb, as\u00ed como impedir el acceso a los alimentos de comunidades y pueblos enteros.<\/p>\n\n\n\n<p>\u00abEl derecho internacional humanitario proh\u00edbe sin excepci\u00f3n atacar a civiles y bienes esenciales para la supervivencia de las poblaciones\u00bb, record\u00f3.<\/p>\n\n\n\n<p>En este sentido, subray\u00f3 que el Consejo de Seguridad de Naciones Unidas ya conden\u00f3 un\u00e1nimemente esta pr\u00e1ctica, el sometimiento al hambre de poblaciones en guerra, \u00abreconociendo la conexi\u00f3n entre conflictos armados y la inseguridad alimentaria\u00bb.<\/p>\n\n\n\n<p>\u200bEn concreto, denunci\u00f3 en este foro internacional la existencia de \u00abmultitudes\u00bb que carecen de acceso al agua potable, a los alimentos o a una atenci\u00f3n m\u00e9dica o una educaci\u00f3n dignas en Ucrania, Gaza, Hait\u00ed, Afganist\u00e1n, Mali, Rep\u00fablica Centroafricana, Yemen o Sud\u00e1n del Sur.<\/p>\n\n\n\n<p>Pero esto, sostuvo, ahora \u00abparece olvidado, pues, con dolor, somos testigos del uso continuo de esa estrategia cruel, que condena a hombres, mujeres y ni\u00f1os al hambre, neg\u00e1ndoles el derecho m\u00e1s elemental: el derecho a la vida\u00bb, denunci\u00f3.<\/p>\n\n\n\n<h2 class=\"wp-block-heading\" id=\"h-el-mundo-no-puede-seguir-asi-clama-leon-xiv\">\u00abEl mundo no puede seguir as\u00ed\u00bb, clama Le\u00f3n XIV<\/h2>\n\n\n\n<p>El papa agreg\u00f3 que \u00abel silencio de quienes mueren de hambre grita en la conciencia de todos\u00bb aunque, dijo, \u00aba menudo sea ignorado, acallado o tergiversado\u00bb, y advirti\u00f3 que el mundo \u00abno puede seguir as\u00ed\u00bb.<\/p>\n\n\n\n<p>\u00ab\u00a1Fortalezcamos nuestro entusiasmo para remediar este esc\u00e1ndalo! No nos detengamos pensando que el hambre es s\u00f3lo un problema que resolver. Es m\u00e1s. Es un clamor que sube al cielo y que requiere la veloz respuesta de cada naci\u00f3n, de cada organismo internacional, de cada instancia regional, local o privada\u00bb, exclam\u00f3.<\/p>\n\n\n\n<p>\u200bPor otro lado, Le\u00f3n XIV defendi\u00f3 \u00absin ambages\u00bb la importancia del multilateralismo, de la cooperaci\u00f3n entre pa\u00edses, frente a lo que denomin\u00f3 \u00abnocivas tentaciones que tienden a erigirse como autocr\u00e1ticas en un mundo multipolar y cada vez m\u00e1s interconectado\u00bb.<br><br>\u00abSe hace m\u00e1s necesario que nunca repensar con audacia las modalidades de la cooperaci\u00f3n internacional. No se trata s\u00f3lo de individuar estrategias o realizar prolijos diagn\u00f3sticos. Lo que los pa\u00edses m\u00e1s pobres aguardan con esperanza es que se oiga sin filtros su voz, que se conozcan realmente sus carencias y se les ofrezca una oportunidad\u00bb, dijo, llamando a escuchar la sabidur\u00eda ancestral y religiosa. EFE<\/p>\n","protected":false},"excerpt":{"rendered":"<p>El papa Le\u00f3n XIV ha denunciado el \u00abuso de los alimentos como arma de guerra\u00bb y la carest\u00eda en lugares como Gaza o Ucrania, durante su intervenci\u00f3n este jueves en los actos del D\u00eda Mundial de la Alimentaci\u00f3n en la sede romana de la Organizaci\u00f3n de Naciones Unidas para la Alimentaci\u00f3n y la Agricultura (FAO). [&hellip;]<\/p>\n","protected":false},"author":2,"featured_media":1247,"comment_status":"closed","ping_status":"open","sticky":false,"template":"","format":"standard","meta":{"_seopress_robots_primary_cat":"","_seopress_titles_title":"","_seopress_titles_desc":"","_seopress_robots_index":"","footnotes":""},"categories":[45],"tags":[],"class_list":["post-1246","post","type-post","status-publish","format-standard","has-post-thumbnail","hentry","category-internacionales"],"_links":{"self":[{"href":"https:\/\/girasolmultimedios.com\/portal\/wp-json\/wp\/v2\/posts\/1246","targetHints":{"allow":["GET"]}}],"collection":[{"href":"https:\/\/girasolmultimedios.com\/portal\/wp-json\/wp\/v2\/posts"}],"about":[{"href":"https:\/\/girasolmultimedios.com\/portal\/wp-json\/wp\/v2\/types\/post"}],"author":[{"embeddable":true,"href":"https:\/\/girasolmultimedios.com\/portal\/wp-json\/wp\/v2\/users\/2"}],"replies":[{"embeddable":true,"href":"https:\/\/girasolmultimedios.com\/portal\/wp-json\/wp\/v2\/comments?post=1246"}],"version-history":[{"count":1,"href":"https:\/\/girasolmultimedios.com\/portal\/wp-json\/wp\/v2\/posts\/1246\/revisions"}],"predecessor-version":[{"id":1248,"href":"https:\/\/girasolmultimedios.com\/portal\/wp-json\/wp\/v2\/posts\/1246\/revisions\/1248"}],"wp:featuredmedia":[{"embeddable":true,"href":"https:\/\/girasolmultimedios.com\/portal\/wp-json\/wp\/v2\/media\/1247"}],"wp:attachment":[{"href":"https:\/\/girasolmultimedios.com\/portal\/wp-json\/wp\/v2\/media?parent=1246"}],"wp:term":[{"taxonomy":"category","embeddable":true,"href":"https:\/\/girasolmultimedios.com\/portal\/wp-json\/wp\/v2\/categories?post=1246"},{"taxonomy":"post_tag","embeddable":true,"href":"https:\/\/girasolmultimedios.com\/portal\/wp-json\/wp\/v2\/tags?post=1246"}],"curies":[{"name":"wp","href":"https:\/\/api.w.org\/{rel}","templated":true}]}}