{"id":1259,"date":"2025-10-16T09:26:22","date_gmt":"2025-10-16T15:26:22","guid":{"rendered":"https:\/\/girasolmultimedios.com\/portal\/?p=1259"},"modified":"2025-10-16T09:26:22","modified_gmt":"2025-10-16T15:26:22","slug":"joven-de-16-anos-pierde-la-vida-tras-accidente-vial-en-choloma-cortes","status":"publish","type":"post","link":"https:\/\/girasolmultimedios.com\/portal\/joven-de-16-anos-pierde-la-vida-tras-accidente-vial-en-choloma-cortes\/","title":{"rendered":"Joven de 16 a\u00f1os pierde la vida tras accidente vial en Choloma, Cort\u00e9s"},"content":{"rendered":"\n<p>La noche del mi\u00e9rcoles 15 de octubre, un joven de tan solo 16 a\u00f1os perdi\u00f3 la vida tras perder el control del veh\u00edculo que conduc\u00eda e impactar contra un poste en la carretera que conduce hacia <strong>La Jutosa<\/strong>, a la altura de la residencial <strong>Bello Horizonte<\/strong>, en el municipio de <strong>Choloma, Cort\u00e9s<\/strong>.<\/p>\n\n\n\n<p>La v\u00edctima fue identificada como <strong>Jonathan Andr\u00e9s Quintanilla Serrano<\/strong>, quien, seg\u00fan relat\u00f3 su familia, se dirig\u00eda a buscar a un pariente que viv\u00eda a pocos kil\u00f3metros de su hogar cuando ocurri\u00f3 el tr\u00e1gico percance.<\/p>\n\n\n\n<p>Vecinos y testigos del hecho dieron aviso inmediato a las autoridades, por lo que unidades del <strong>Cuerpo de Bomberos de Choloma<\/strong> se trasladaron r\u00e1pidamente al sitio. No obstante, al llegar confirmaron que el joven ya no presentaba signos vitales.<\/p>\n\n\n\n<p>Agentes de la <strong>Direcci\u00f3n Nacional de Vialidad y Transporte (DNVT)<\/strong> acordonaron el \u00e1rea e iniciaron las investigaciones para establecer las causas exactas del accidente que hoy enluta a una familia hondure\u00f1a.<\/p>\n","protected":false},"excerpt":{"rendered":"<p>La noche del mi\u00e9rcoles 15 de octubre, un joven de tan solo 16 a\u00f1os perdi\u00f3 la vida tras perder el control del veh\u00edculo que conduc\u00eda e impactar contra un poste en la carretera que conduce hacia La Jutosa, a la altura de la residencial Bello Horizonte, en el municipio de Choloma, Cort\u00e9s. La v\u00edctima fue [&hellip;]<\/p>\n","protected":false},"author":2,"featured_media":1260,"comment_status":"closed","ping_status":"open","sticky":false,"template":"","format":"standard","meta":{"_seopress_robots_primary_cat":"","_seopress_titles_title":"","_seopress_titles_desc":"","_seopress_robots_index":"","footnotes":""},"categories":[1],"tags":[],"class_list":["post-1259","post","type-post","status-publish","format-standard","has-post-thumbnail","hentry","category-sin-categoria"],"_links":{"self":[{"href":"https:\/\/girasolmultimedios.com\/portal\/wp-json\/wp\/v2\/posts\/1259","targetHints":{"allow":["GET"]}}],"collection":[{"href":"https:\/\/girasolmultimedios.com\/portal\/wp-json\/wp\/v2\/posts"}],"about":[{"href":"https:\/\/girasolmultimedios.com\/portal\/wp-json\/wp\/v2\/types\/post"}],"author":[{"embeddable":true,"href":"https:\/\/girasolmultimedios.com\/portal\/wp-json\/wp\/v2\/users\/2"}],"replies":[{"embeddable":true,"href":"https:\/\/girasolmultimedios.com\/portal\/wp-json\/wp\/v2\/comments?post=1259"}],"version-history":[{"count":1,"href":"https:\/\/girasolmultimedios.com\/portal\/wp-json\/wp\/v2\/posts\/1259\/revisions"}],"predecessor-version":[{"id":1261,"href":"https:\/\/girasolmultimedios.com\/portal\/wp-json\/wp\/v2\/posts\/1259\/revisions\/1261"}],"wp:featuredmedia":[{"embeddable":true,"href":"https:\/\/girasolmultimedios.com\/portal\/wp-json\/wp\/v2\/media\/1260"}],"wp:attachment":[{"href":"https:\/\/girasolmultimedios.com\/portal\/wp-json\/wp\/v2\/media?parent=1259"}],"wp:term":[{"taxonomy":"category","embeddable":true,"href":"https:\/\/girasolmultimedios.com\/portal\/wp-json\/wp\/v2\/categories?post=1259"},{"taxonomy":"post_tag","embeddable":true,"href":"https:\/\/girasolmultimedios.com\/portal\/wp-json\/wp\/v2\/tags?post=1259"}],"curies":[{"name":"wp","href":"https:\/\/api.w.org\/{rel}","templated":true}]}}