{"id":1262,"date":"2025-10-16T09:30:17","date_gmt":"2025-10-16T15:30:17","guid":{"rendered":"https:\/\/girasolmultimedios.com\/portal\/?p=1262"},"modified":"2025-10-16T09:30:17","modified_gmt":"2025-10-16T15:30:17","slug":"cne-evalua-propuestas-sobre-servicios-de-conectividad-movil","status":"publish","type":"post","link":"https:\/\/girasolmultimedios.com\/portal\/cne-evalua-propuestas-sobre-servicios-de-conectividad-movil\/","title":{"rendered":"CNE eval\u00faa propuestas sobre servicios de conectividad m\u00f3vil"},"content":{"rendered":"\n<p>El <strong>Consejo Nacional Electoral (CNE)<\/strong> llevar\u00e1 a cabo este jueves la <strong>apertura y recepci\u00f3n de cotizaciones<\/strong> para la contrataci\u00f3n del <strong>servicio de conectividad m\u00f3vil<\/strong>, con miras a las <strong>elecciones generales del pr\u00f3ximo 30 de noviembre<\/strong>.<\/p>\n\n\n\n<p>El acto se desarrollar\u00e1 en las instalaciones del CNE, ubicadas en el <strong>barrio San Felipe de Tegucigalpa<\/strong>, capital de Honduras, y se extender\u00e1 hasta el mediod\u00eda.<\/p>\n\n\n\n<p>El objetivo del proceso es seleccionar una empresa que proporcione <strong>conectividad m\u00f3vil mediante un APN privado<\/strong>, destinado a la <strong>implementaci\u00f3n y operaci\u00f3n del sistema de identificaci\u00f3n biom\u00e9trica<\/strong> que ser\u00e1 utilizado durante los comicios.<\/p>\n\n\n\n<p>Las compa\u00f1\u00edas interesadas deber\u00e1n incluir en sus propuestas las <strong>bases de contrataci\u00f3n<\/strong>, junto con los <strong>requisitos t\u00e9cnicos, especificaciones y condiciones<\/strong> que establece el proceso.<\/p>\n\n\n\n<p>La consejera <strong>Cossette L\u00f3pez<\/strong> se\u00f1al\u00f3 que <strong>alrededor de 2,000 centros de votaci\u00f3n<\/strong> en el pa\u00eds a\u00fan carecen de <strong>servicios de energ\u00eda el\u00e9ctrica, conectividad o ambos<\/strong>, situaci\u00f3n que representa uno de los principales retos log\u00edsticos para el organismo electoral.<\/p>\n","protected":false},"excerpt":{"rendered":"<p>El Consejo Nacional Electoral (CNE) llevar\u00e1 a cabo este jueves la apertura y recepci\u00f3n de cotizaciones para la contrataci\u00f3n del servicio de conectividad m\u00f3vil, con miras a las elecciones generales del pr\u00f3ximo 30 de noviembre. El acto se desarrollar\u00e1 en las instalaciones del CNE, ubicadas en el barrio San Felipe de Tegucigalpa, capital de Honduras, [&hellip;]<\/p>\n","protected":false},"author":2,"featured_media":1263,"comment_status":"closed","ping_status":"open","sticky":false,"template":"","format":"standard","meta":{"_seopress_robots_primary_cat":"","_seopress_titles_title":"","_seopress_titles_desc":"","_seopress_robots_index":"","footnotes":""},"categories":[1],"tags":[],"class_list":["post-1262","post","type-post","status-publish","format-standard","has-post-thumbnail","hentry","category-sin-categoria"],"_links":{"self":[{"href":"https:\/\/girasolmultimedios.com\/portal\/wp-json\/wp\/v2\/posts\/1262","targetHints":{"allow":["GET"]}}],"collection":[{"href":"https:\/\/girasolmultimedios.com\/portal\/wp-json\/wp\/v2\/posts"}],"about":[{"href":"https:\/\/girasolmultimedios.com\/portal\/wp-json\/wp\/v2\/types\/post"}],"author":[{"embeddable":true,"href":"https:\/\/girasolmultimedios.com\/portal\/wp-json\/wp\/v2\/users\/2"}],"replies":[{"embeddable":true,"href":"https:\/\/girasolmultimedios.com\/portal\/wp-json\/wp\/v2\/comments?post=1262"}],"version-history":[{"count":1,"href":"https:\/\/girasolmultimedios.com\/portal\/wp-json\/wp\/v2\/posts\/1262\/revisions"}],"predecessor-version":[{"id":1264,"href":"https:\/\/girasolmultimedios.com\/portal\/wp-json\/wp\/v2\/posts\/1262\/revisions\/1264"}],"wp:featuredmedia":[{"embeddable":true,"href":"https:\/\/girasolmultimedios.com\/portal\/wp-json\/wp\/v2\/media\/1263"}],"wp:attachment":[{"href":"https:\/\/girasolmultimedios.com\/portal\/wp-json\/wp\/v2\/media?parent=1262"}],"wp:term":[{"taxonomy":"category","embeddable":true,"href":"https:\/\/girasolmultimedios.com\/portal\/wp-json\/wp\/v2\/categories?post=1262"},{"taxonomy":"post_tag","embeddable":true,"href":"https:\/\/girasolmultimedios.com\/portal\/wp-json\/wp\/v2\/tags?post=1262"}],"curies":[{"name":"wp","href":"https:\/\/api.w.org\/{rel}","templated":true}]}}