{"id":1271,"date":"2025-10-16T10:01:00","date_gmt":"2025-10-16T16:01:00","guid":{"rendered":"https:\/\/girasolmultimedios.com\/portal\/?p=1271"},"modified":"2025-10-16T10:01:00","modified_gmt":"2025-10-16T16:01:00","slug":"tragedia-vial-exigen-esclarecimiento-tras-fallecimiento-de-dos-menores","status":"publish","type":"post","link":"https:\/\/girasolmultimedios.com\/portal\/tragedia-vial-exigen-esclarecimiento-tras-fallecimiento-de-dos-menores\/","title":{"rendered":"Tragedia vial: exigen esclarecimiento tras fallecimiento de dos menores"},"content":{"rendered":"\n<p>La <strong>comunidad de Milla 3<\/strong>, en el municipio de <strong>Omoa, Cort\u00e9s<\/strong>, mantiene <strong>bloqueado el paso vehicular<\/strong> sobre la carretera principal como medida de presi\u00f3n para exigir justicia tras la muerte de <strong>dos menores escolares<\/strong> en un accidente de tr\u00e1nsito ocurrido el pasado lunes en la aldea <strong>San Marcos<\/strong>.<\/p>\n\n\n\n<p>Entre los manifestantes se encuentran <strong>familiares de las v\u00edctimas, vecinos y mototaxistas<\/strong>, quienes demandan la <strong>presencia inmediata de representantes del Ministerio P\u00fablico (MP)<\/strong> para atender sus reclamos. En particular, exigen la <strong>detenci\u00f3n de la conductora y su acompa\u00f1ante<\/strong>, quienes viajaban en una <strong>camioneta Ford Escape blanca<\/strong> que colision\u00f3 de frente contra un mototaxi que transportaba a los menores.<\/p>\n\n\n\n<p>El choque dej\u00f3 adem\u00e1s a <strong>cuatro ni\u00f1os heridos<\/strong>, algunos en estado cr\u00edtico.<\/p>\n\n\n\n<p>La protesta tambi\u00e9n busca la <strong>liberaci\u00f3n del mototaxista Elder Alexer Vel\u00e1squez Gonz\u00e1les, conocido como \u201cAlexis\u201d<\/strong>, quien permanece bajo custodia policial. Los pobladores aseguran que su detenci\u00f3n es <strong>injusta<\/strong>, pues consideran que no fue el responsable directo del accidente. \u201cAlexis es inocente, \u00e9l solo hac\u00eda su trabajo\u201d, expresaron varios manifestantes.<\/p>\n\n\n\n<p>El bloqueo ha generado <strong>fuerte congestionamiento vehicular<\/strong> entre Omoa y Puerto Cort\u00e9s. La <strong>Polic\u00eda Nacional<\/strong> lleg\u00f3 al lugar, sin que se reportaran enfrentamientos ni desalojos. Por su parte, el MP inform\u00f3 que <strong>Darlin Valent\u00edn Mej\u00eda Castro<\/strong>, conductor de la camioneta implicada, <strong>se defender\u00e1 en libertad<\/strong> mientras se desarrolla la investigaci\u00f3n, lo que ha generado <strong>malestar entre los vecinos<\/strong>, quienes consideran que se est\u00e1 favoreciendo a los responsables del accidente.<\/p>\n\n\n\n<p>Organizaciones de <strong>derechos humanos<\/strong> y colectivos estudiantiles han expresado su solidaridad con las familias afectadas y han solicitado una <strong>investigaci\u00f3n imparcial y expedita<\/strong> para esclarecer responsabilidades.<\/p>\n\n\n\n<p>La comunidad de Milla 3 advirti\u00f3 que <strong>mantendr\u00e1 el bloqueo hasta que las autoridades respondan con acciones concretas<\/strong> y se haga justicia por los menores fallecidos.<\/p>\n","protected":false},"excerpt":{"rendered":"<p>La comunidad de Milla 3, en el municipio de Omoa, Cort\u00e9s, mantiene bloqueado el paso vehicular sobre la carretera principal como medida de presi\u00f3n para exigir justicia tras la muerte de dos menores escolares en un accidente de tr\u00e1nsito ocurrido el pasado lunes en la aldea San Marcos. Entre los manifestantes se encuentran familiares de [&hellip;]<\/p>\n","protected":false},"author":2,"featured_media":1272,"comment_status":"closed","ping_status":"open","sticky":false,"template":"","format":"standard","meta":{"_seopress_robots_primary_cat":"","_seopress_titles_title":"","_seopress_titles_desc":"","_seopress_robots_index":"","footnotes":""},"categories":[1],"tags":[],"class_list":["post-1271","post","type-post","status-publish","format-standard","has-post-thumbnail","hentry","category-sin-categoria"],"_links":{"self":[{"href":"https:\/\/girasolmultimedios.com\/portal\/wp-json\/wp\/v2\/posts\/1271","targetHints":{"allow":["GET"]}}],"collection":[{"href":"https:\/\/girasolmultimedios.com\/portal\/wp-json\/wp\/v2\/posts"}],"about":[{"href":"https:\/\/girasolmultimedios.com\/portal\/wp-json\/wp\/v2\/types\/post"}],"author":[{"embeddable":true,"href":"https:\/\/girasolmultimedios.com\/portal\/wp-json\/wp\/v2\/users\/2"}],"replies":[{"embeddable":true,"href":"https:\/\/girasolmultimedios.com\/portal\/wp-json\/wp\/v2\/comments?post=1271"}],"version-history":[{"count":1,"href":"https:\/\/girasolmultimedios.com\/portal\/wp-json\/wp\/v2\/posts\/1271\/revisions"}],"predecessor-version":[{"id":1273,"href":"https:\/\/girasolmultimedios.com\/portal\/wp-json\/wp\/v2\/posts\/1271\/revisions\/1273"}],"wp:featuredmedia":[{"embeddable":true,"href":"https:\/\/girasolmultimedios.com\/portal\/wp-json\/wp\/v2\/media\/1272"}],"wp:attachment":[{"href":"https:\/\/girasolmultimedios.com\/portal\/wp-json\/wp\/v2\/media?parent=1271"}],"wp:term":[{"taxonomy":"category","embeddable":true,"href":"https:\/\/girasolmultimedios.com\/portal\/wp-json\/wp\/v2\/categories?post=1271"},{"taxonomy":"post_tag","embeddable":true,"href":"https:\/\/girasolmultimedios.com\/portal\/wp-json\/wp\/v2\/tags?post=1271"}],"curies":[{"name":"wp","href":"https:\/\/api.w.org\/{rel}","templated":true}]}}