{"id":1279,"date":"2025-10-17T07:34:33","date_gmt":"2025-10-17T13:34:33","guid":{"rendered":"https:\/\/girasolmultimedios.com\/portal\/?p=1279"},"modified":"2025-10-17T07:37:59","modified_gmt":"2025-10-17T13:37:59","slug":"muere-la-tercer-menor-de-edad-victima-de-accidente-en-omoa","status":"publish","type":"post","link":"https:\/\/girasolmultimedios.com\/portal\/muere-la-tercer-menor-de-edad-victima-de-accidente-en-omoa\/","title":{"rendered":"Muere la tercer menor de edad v\u00edctima de accidente en Omoa"},"content":{"rendered":"\n<p><strong>Omoa, Cort\u00e9s<\/strong> &#8211; La tragedia que sacudi\u00f3 a la aldea San Marcos el pasado lunes se cobr\u00f3 una nueva v\u00edctima este jueves. La menor Eylin Serrano, estudiante de tercer grado, falleci\u00f3 en el hospital Mario Catarino Rivas de San Pedro Sula, donde permanec\u00eda internada desde el d\u00eda del accidente.<\/p>\n\n\n\n<p>Con su fallecimiento, el n\u00famero de v\u00edctimas infantiles asciende a tres. Eylin era prima de Daira Silo\u00e9 L\u00f3pez Serrano y Jeferson Sebasti\u00e1n Serrano Mej\u00eda, quienes murieron el lunes tras el violento choque entre una mototaxi y una camioneta en la comunidad de San Marcos, municipio de Omoa.<\/p>\n\n\n\n<p>El accidente dej\u00f3 adem\u00e1s varios menores heridos que contin\u00faan recibiendo atenci\u00f3n m\u00e9dica.<br>Conductores detenidos tras el accidente. La Polic\u00eda Nacional confirm\u00f3 la detenci\u00f3n de los dos conductores implicados en el siniestro.<\/p>\n\n\n\n<p><strong>Darlin Valent\u00edn Mej\u00eda<\/strong> Castro, conductor de la camioneta Ford Escape blanca, no contaba con licencia de conducir. Enfrenta cargos por lesiones imprudentes, homicidio con dolo eventual y conducci\u00f3n temeraria.<\/p>\n\n\n\n<p><strong>Elder Alexer Vel\u00e1squez Gonzales<\/strong>, de 57 a\u00f1os, conductor de la mototaxi, fue aprehendido mientras se encontraba bajo observaci\u00f3n m\u00e9dica. Se le acusa de conducci\u00f3n temeraria, circular en zonas no autorizadas y transportar exceso de pasajeros.<\/p>\n\n\n\n<p>Sin embargo, el Ministerio P\u00fablico inform\u00f3 que Mej\u00eda Castro enfrentar\u00e1 el proceso en libertad, debido a que las penas previstas para estos delitos son m\u00ednimas. Se le aplicaron medidas cautelares tras la audiencia de declaraci\u00f3n de imputados.<\/p>\n\n\n\n<p><strong>Detalles del accidente que conmocion\u00f3 a San Marcos<\/strong><\/p>\n\n\n\n<p>El accidente ocurri\u00f3 al mediod\u00eda del lunes, cuando la mototaxi \u2014que transportaba a siete menores\u2014 colision\u00f3 violentamente con la camioneta. El impacto volc\u00f3 el veh\u00edculo particular y destruy\u00f3 por completo la mototaxi.<br><\/p>\n\n\n\n<p><strong>Entre los heridos se encuentran:<\/strong><\/p>\n\n\n\n<ul class=\"wp-block-list\">\n<li>\u00cdker Mart\u00ednez Redondo, 7 a\u00f1os, estudiante de primer grado<\/li>\n\n\n\n<li>Noha Serrano, 8 a\u00f1os, hermano gemelo de Jeferson<\/li>\n\n\n\n<li>Karla Camila Mart\u00ednez, 9 a\u00f1os, estudiante de quinto grado<\/li>\n\n\n\n<li>Dilcia Denise L\u00f3pez, 12 a\u00f1os, estudiante de quinto grado<\/li>\n<\/ul>\n\n\n\n<p>La comunidad de San Marcos permanece consternada ante la p\u00e9rdida de tres menores y exige mayor control sobre el transporte informal en zonas rurales.<\/p>\n\n\n\n<p><\/p>\n","protected":false},"excerpt":{"rendered":"<p>Omoa, Cort\u00e9s &#8211; La tragedia que sacudi\u00f3 a la aldea San Marcos el pasado lunes se cobr\u00f3 una nueva v\u00edctima este jueves. La menor Eylin Serrano, estudiante de tercer grado, falleci\u00f3 en el hospital Mario Catarino Rivas de San Pedro Sula, donde permanec\u00eda internada desde el d\u00eda del accidente. Con su fallecimiento, el n\u00famero de [&hellip;]<\/p>\n","protected":false},"author":2,"featured_media":1280,"comment_status":"closed","ping_status":"open","sticky":false,"template":"","format":"standard","meta":{"_seopress_robots_primary_cat":"","_seopress_titles_title":"","_seopress_titles_desc":"","_seopress_robots_index":"","footnotes":""},"categories":[23],"tags":[25,214],"class_list":["post-1279","post","type-post","status-publish","format-standard","has-post-thumbnail","hentry","category-nacionales","tag-honduras","tag-sucesos"],"_links":{"self":[{"href":"https:\/\/girasolmultimedios.com\/portal\/wp-json\/wp\/v2\/posts\/1279","targetHints":{"allow":["GET"]}}],"collection":[{"href":"https:\/\/girasolmultimedios.com\/portal\/wp-json\/wp\/v2\/posts"}],"about":[{"href":"https:\/\/girasolmultimedios.com\/portal\/wp-json\/wp\/v2\/types\/post"}],"author":[{"embeddable":true,"href":"https:\/\/girasolmultimedios.com\/portal\/wp-json\/wp\/v2\/users\/2"}],"replies":[{"embeddable":true,"href":"https:\/\/girasolmultimedios.com\/portal\/wp-json\/wp\/v2\/comments?post=1279"}],"version-history":[{"count":5,"href":"https:\/\/girasolmultimedios.com\/portal\/wp-json\/wp\/v2\/posts\/1279\/revisions"}],"predecessor-version":[{"id":1286,"href":"https:\/\/girasolmultimedios.com\/portal\/wp-json\/wp\/v2\/posts\/1279\/revisions\/1286"}],"wp:featuredmedia":[{"embeddable":true,"href":"https:\/\/girasolmultimedios.com\/portal\/wp-json\/wp\/v2\/media\/1280"}],"wp:attachment":[{"href":"https:\/\/girasolmultimedios.com\/portal\/wp-json\/wp\/v2\/media?parent=1279"}],"wp:term":[{"taxonomy":"category","embeddable":true,"href":"https:\/\/girasolmultimedios.com\/portal\/wp-json\/wp\/v2\/categories?post=1279"},{"taxonomy":"post_tag","embeddable":true,"href":"https:\/\/girasolmultimedios.com\/portal\/wp-json\/wp\/v2\/tags?post=1279"}],"curies":[{"name":"wp","href":"https:\/\/api.w.org\/{rel}","templated":true}]}}