{"id":1293,"date":"2025-10-17T09:44:27","date_gmt":"2025-10-17T15:44:27","guid":{"rendered":"https:\/\/girasolmultimedios.com\/portal\/?p=1293"},"modified":"2025-10-17T09:44:27","modified_gmt":"2025-10-17T15:44:27","slug":"nhc-monitorea-onda-tropical-con-posible-desarrollo-rumbo-al-caribe-y-centroamerica","status":"publish","type":"post","link":"https:\/\/girasolmultimedios.com\/portal\/nhc-monitorea-onda-tropical-con-posible-desarrollo-rumbo-al-caribe-y-centroamerica\/","title":{"rendered":"NHC monitorea onda tropical con posible desarrollo rumbo al Caribe y Centroam\u00e9rica"},"content":{"rendered":"\n<p>El <strong>Centro Nacional de Huracanes (NHC, por sus siglas en ingl\u00e9s)<\/strong>, con sede en Miami, inform\u00f3 este viernes que una <strong>onda tropical ubicada en el Atl\u00e1ntico tropical central<\/strong> presenta condiciones favorables para un desarrollo gradual en los pr\u00f3ximos d\u00edas, mientras avanza hacia el oeste a una velocidad de entre <strong>24 y 32 kil\u00f3metros por hora (15 a 20 mph)<\/strong>.<\/p>\n\n\n\n<p>De acuerdo con el bolet\u00edn m\u00e1s reciente, emitido a las <strong>8:00 a.m. (hora del Este de EE. UU.)<\/strong>, el sistema se localiza a m\u00e1s de <strong>1,000 millas al este de las Islas de Barlovento<\/strong> y genera una extensa \u00e1rea de aguaceros y tormentas el\u00e9ctricas.<\/p>\n\n\n\n<p>Aunque las probabilidades de formaci\u00f3n cicl\u00f3nica se mantienen <strong>bajas a corto plazo (10 % en 48 horas)<\/strong> y <strong>moderadas a mediano plazo (30 % en siete d\u00edas)<\/strong>, los meteor\u00f3logos prev\u00e9n que el fen\u00f3meno podr\u00eda <strong>fortalecerse ligeramente<\/strong> conforme se aproxime al <strong>Mar Caribe<\/strong> durante la pr\u00f3xima semana.<\/p>\n\n\n\n<p>El NHC advirti\u00f3 que, independientemente de su evoluci\u00f3n, la onda tropical podr\u00eda provocar <strong>lluvias intensas y r\u00e1fagas de viento<\/strong> en las Islas de Barlovento hacia finales del fin de semana, extendi\u00e9ndose posteriormente al <strong>Caribe occidental<\/strong> y <strong>Centroam\u00e9rica<\/strong>, incluyendo <strong>Honduras<\/strong>.<\/p>\n\n\n\n<p>Adem\u00e1s, el informe menciona una <strong>zona de baja presi\u00f3n no tropical<\/strong> situada frente a la <strong>costa noreste de Estados Unidos<\/strong>, la cual podr\u00eda adquirir caracter\u00edsticas subtropicales durante el fin de semana, antes de desplazarse hacia aguas m\u00e1s fr\u00edas al inicio de la pr\u00f3xima semana.<\/p>\n\n\n\n<p>Las autoridades meteorol\u00f3gicas instaron a los pa\u00edses del <strong>Caribe y Centroam\u00e9rica<\/strong> a <strong>mantener vigilancia<\/strong> sobre la evoluci\u00f3n de este sistema, debido a su potencial para generar <strong>fuertes precipitaciones, oleaje elevado y condiciones adversas para la navegaci\u00f3n mar\u00edtima<\/strong>.<\/p>\n","protected":false},"excerpt":{"rendered":"<p>El Centro Nacional de Huracanes (NHC, por sus siglas en ingl\u00e9s), con sede en Miami, inform\u00f3 este viernes que una onda tropical ubicada en el Atl\u00e1ntico tropical central presenta condiciones favorables para un desarrollo gradual en los pr\u00f3ximos d\u00edas, mientras avanza hacia el oeste a una velocidad de entre 24 y 32 kil\u00f3metros por hora [&hellip;]<\/p>\n","protected":false},"author":2,"featured_media":1294,"comment_status":"closed","ping_status":"open","sticky":false,"template":"","format":"standard","meta":{"_seopress_robots_primary_cat":"","_seopress_titles_title":"","_seopress_titles_desc":"","_seopress_robots_index":"","footnotes":""},"categories":[1],"tags":[],"class_list":["post-1293","post","type-post","status-publish","format-standard","has-post-thumbnail","hentry","category-sin-categoria"],"_links":{"self":[{"href":"https:\/\/girasolmultimedios.com\/portal\/wp-json\/wp\/v2\/posts\/1293","targetHints":{"allow":["GET"]}}],"collection":[{"href":"https:\/\/girasolmultimedios.com\/portal\/wp-json\/wp\/v2\/posts"}],"about":[{"href":"https:\/\/girasolmultimedios.com\/portal\/wp-json\/wp\/v2\/types\/post"}],"author":[{"embeddable":true,"href":"https:\/\/girasolmultimedios.com\/portal\/wp-json\/wp\/v2\/users\/2"}],"replies":[{"embeddable":true,"href":"https:\/\/girasolmultimedios.com\/portal\/wp-json\/wp\/v2\/comments?post=1293"}],"version-history":[{"count":1,"href":"https:\/\/girasolmultimedios.com\/portal\/wp-json\/wp\/v2\/posts\/1293\/revisions"}],"predecessor-version":[{"id":1295,"href":"https:\/\/girasolmultimedios.com\/portal\/wp-json\/wp\/v2\/posts\/1293\/revisions\/1295"}],"wp:featuredmedia":[{"embeddable":true,"href":"https:\/\/girasolmultimedios.com\/portal\/wp-json\/wp\/v2\/media\/1294"}],"wp:attachment":[{"href":"https:\/\/girasolmultimedios.com\/portal\/wp-json\/wp\/v2\/media?parent=1293"}],"wp:term":[{"taxonomy":"category","embeddable":true,"href":"https:\/\/girasolmultimedios.com\/portal\/wp-json\/wp\/v2\/categories?post=1293"},{"taxonomy":"post_tag","embeddable":true,"href":"https:\/\/girasolmultimedios.com\/portal\/wp-json\/wp\/v2\/tags?post=1293"}],"curies":[{"name":"wp","href":"https:\/\/api.w.org\/{rel}","templated":true}]}}