{"id":1296,"date":"2025-10-17T09:47:11","date_gmt":"2025-10-17T15:47:11","guid":{"rendered":"https:\/\/girasolmultimedios.com\/portal\/?p=1296"},"modified":"2025-10-17T09:47:11","modified_gmt":"2025-10-17T15:47:11","slug":"el-artista-hondureno-van-guns-cautiva-en-japon-con-su-obra-puente-ancestral","status":"publish","type":"post","link":"https:\/\/girasolmultimedios.com\/portal\/el-artista-hondureno-van-guns-cautiva-en-japon-con-su-obra-puente-ancestral\/","title":{"rendered":"El artista hondure\u00f1o Van Gun\u2019s cautiva en Jap\u00f3n con su obra \u201cPuente Ancestral\u201d"},"content":{"rendered":"\n<p>El artista hondure\u00f1o <strong>Van Gun\u2019s<\/strong> deslumbr\u00f3 al p\u00fablico japon\u00e9s durante la celebraci\u00f3n del <strong>D\u00eda Nacional de Honduras<\/strong> en la <strong>Expo Osaka<\/strong>, al realizar una pintura en vivo utilizando la innovadora <strong>t\u00e9cnica del caf\u00e9<\/strong>. Su obra, titulada <strong>\u201cPuente Ancestral\u201d<\/strong>, simboliza el v\u00ednculo entre la humanidad y el universo, reflejando la conexi\u00f3n espiritual y cultural que une a los pueblos.<\/p>\n\n\n\n<p>A trav\u00e9s de sus redes sociales, el pintor explic\u00f3 que la pieza representa \u201c<strong>el encuentro simb\u00f3lico entre las selvas del tiempo y los templos del silencio, donde dos mundos que jam\u00e1s se tocaron comparten una misma verdad<\/strong>\u201d.<\/p>\n\n\n\n<p>Como gesto de hermandad, <strong>Van Gun\u2019s<\/strong> entreg\u00f3 la obra \u201cPuente Ancestral\u201d en conmemoraci\u00f3n de los <strong>90 a\u00f1os de relaciones diplom\u00e1ticas entre Honduras y Jap\u00f3n<\/strong>, resaltando el talento, la creatividad y el orgullo catracho en uno de los escenarios culturales m\u00e1s prestigiosos del mundo.<\/p>\n","protected":false},"excerpt":{"rendered":"<p>El artista hondure\u00f1o Van Gun\u2019s deslumbr\u00f3 al p\u00fablico japon\u00e9s durante la celebraci\u00f3n del D\u00eda Nacional de Honduras en la Expo Osaka, al realizar una pintura en vivo utilizando la innovadora t\u00e9cnica del caf\u00e9. Su obra, titulada \u201cPuente Ancestral\u201d, simboliza el v\u00ednculo entre la humanidad y el universo, reflejando la conexi\u00f3n espiritual y cultural que une [&hellip;]<\/p>\n","protected":false},"author":2,"featured_media":1297,"comment_status":"closed","ping_status":"open","sticky":false,"template":"","format":"standard","meta":{"_seopress_robots_primary_cat":"","_seopress_titles_title":"","_seopress_titles_desc":"","_seopress_robots_index":"","footnotes":""},"categories":[1],"tags":[],"class_list":["post-1296","post","type-post","status-publish","format-standard","has-post-thumbnail","hentry","category-sin-categoria"],"_links":{"self":[{"href":"https:\/\/girasolmultimedios.com\/portal\/wp-json\/wp\/v2\/posts\/1296","targetHints":{"allow":["GET"]}}],"collection":[{"href":"https:\/\/girasolmultimedios.com\/portal\/wp-json\/wp\/v2\/posts"}],"about":[{"href":"https:\/\/girasolmultimedios.com\/portal\/wp-json\/wp\/v2\/types\/post"}],"author":[{"embeddable":true,"href":"https:\/\/girasolmultimedios.com\/portal\/wp-json\/wp\/v2\/users\/2"}],"replies":[{"embeddable":true,"href":"https:\/\/girasolmultimedios.com\/portal\/wp-json\/wp\/v2\/comments?post=1296"}],"version-history":[{"count":1,"href":"https:\/\/girasolmultimedios.com\/portal\/wp-json\/wp\/v2\/posts\/1296\/revisions"}],"predecessor-version":[{"id":1298,"href":"https:\/\/girasolmultimedios.com\/portal\/wp-json\/wp\/v2\/posts\/1296\/revisions\/1298"}],"wp:featuredmedia":[{"embeddable":true,"href":"https:\/\/girasolmultimedios.com\/portal\/wp-json\/wp\/v2\/media\/1297"}],"wp:attachment":[{"href":"https:\/\/girasolmultimedios.com\/portal\/wp-json\/wp\/v2\/media?parent=1296"}],"wp:term":[{"taxonomy":"category","embeddable":true,"href":"https:\/\/girasolmultimedios.com\/portal\/wp-json\/wp\/v2\/categories?post=1296"},{"taxonomy":"post_tag","embeddable":true,"href":"https:\/\/girasolmultimedios.com\/portal\/wp-json\/wp\/v2\/tags?post=1296"}],"curies":[{"name":"wp","href":"https:\/\/api.w.org\/{rel}","templated":true}]}}