{"id":1305,"date":"2025-10-17T10:08:26","date_gmt":"2025-10-17T16:08:26","guid":{"rendered":"https:\/\/girasolmultimedios.com\/portal\/?p=1305"},"modified":"2025-10-17T10:08:26","modified_gmt":"2025-10-17T16:08:26","slug":"gobierno-fortalece-el-bono-cafetalero-con-credito-del-caf-y-entrega-de-bonos-tecnologicos-en-lamani","status":"publish","type":"post","link":"https:\/\/girasolmultimedios.com\/portal\/gobierno-fortalece-el-bono-cafetalero-con-credito-del-caf-y-entrega-de-bonos-tecnologicos-en-lamani\/","title":{"rendered":"Gobierno fortalece el Bono Cafetalero con cr\u00e9dito del CAF y entrega de bonos tecnol\u00f3gicos en Laman\u00ed"},"content":{"rendered":"\n<p><strong>LAMAN\u00cd, Comayagua.<\/strong> La presidenta <strong>Xiomara Castro<\/strong> entreg\u00f3 ayer m\u00e1s de <strong>3,000 bonos tecnol\u00f3gicos de postrera<\/strong> en Laman\u00ed, al tiempo que oficializ\u00f3 la firma de un cr\u00e9dito con el <strong>Banco de Desarrollo de Am\u00e9rica Latina y El Caribe (CAF)<\/strong>, destinado a fortalecer el <strong>Bono Cafetalero<\/strong>.<\/p>\n\n\n\n<p>El pr\u00e9stamo asciende a <strong>10 millones de d\u00f3lares<\/strong>, equivalentes a <strong>260 millones de lempiras<\/strong>, y busca impulsar la productividad y resiliencia del sector cafetalero hondure\u00f1o.<\/p>\n\n\n\n<p>De acuerdo con el gobierno, \u00fanicamente en Laman\u00ed, el programa beneficiar\u00e1 a <strong>16,500 productores<\/strong> mediante la entrega del <strong>Bono Tecnol\u00f3gico Productivo y Ganadero<\/strong>, con una inversi\u00f3n local superior a <strong>37 millones de lempiras<\/strong>.<\/p>\n\n\n\n<p>El financiamiento incluye <strong>apoyo t\u00e9cnico<\/strong>, <strong>renovaci\u00f3n de cafetales<\/strong>, <strong>introducci\u00f3n de variedades resistentes a la roya<\/strong> y <strong>capacitaci\u00f3n en pr\u00e1cticas agroecol\u00f3gicas<\/strong>, con impacto en <strong>15 departamentos<\/strong>, incluyendo <strong>10 comunidades de pueblos originarios<\/strong>.<\/p>\n\n\n\n<p>Con estas acciones, el gobierno reafirma su compromiso de <strong>impulsar el desarrollo rural<\/strong>, apoyando a <strong>peque\u00f1os y medianos productores<\/strong> en los sectores de <strong>caf\u00e9, granos b\u00e1sicos, avicultura, porcicultura y ganader\u00eda<\/strong>, consolidando su filosof\u00eda de regresar al campo y fortalecer la econom\u00eda local.<\/p>\n","protected":false},"excerpt":{"rendered":"<p>LAMAN\u00cd, Comayagua. La presidenta Xiomara Castro entreg\u00f3 ayer m\u00e1s de 3,000 bonos tecnol\u00f3gicos de postrera en Laman\u00ed, al tiempo que oficializ\u00f3 la firma de un cr\u00e9dito con el Banco de Desarrollo de Am\u00e9rica Latina y El Caribe (CAF), destinado a fortalecer el Bono Cafetalero. El pr\u00e9stamo asciende a 10 millones de d\u00f3lares, equivalentes a 260 [&hellip;]<\/p>\n","protected":false},"author":2,"featured_media":1306,"comment_status":"closed","ping_status":"open","sticky":false,"template":"","format":"standard","meta":{"_seopress_robots_primary_cat":"","_seopress_titles_title":"","_seopress_titles_desc":"","_seopress_robots_index":"","footnotes":""},"categories":[1],"tags":[],"class_list":["post-1305","post","type-post","status-publish","format-standard","has-post-thumbnail","hentry","category-sin-categoria"],"_links":{"self":[{"href":"https:\/\/girasolmultimedios.com\/portal\/wp-json\/wp\/v2\/posts\/1305","targetHints":{"allow":["GET"]}}],"collection":[{"href":"https:\/\/girasolmultimedios.com\/portal\/wp-json\/wp\/v2\/posts"}],"about":[{"href":"https:\/\/girasolmultimedios.com\/portal\/wp-json\/wp\/v2\/types\/post"}],"author":[{"embeddable":true,"href":"https:\/\/girasolmultimedios.com\/portal\/wp-json\/wp\/v2\/users\/2"}],"replies":[{"embeddable":true,"href":"https:\/\/girasolmultimedios.com\/portal\/wp-json\/wp\/v2\/comments?post=1305"}],"version-history":[{"count":1,"href":"https:\/\/girasolmultimedios.com\/portal\/wp-json\/wp\/v2\/posts\/1305\/revisions"}],"predecessor-version":[{"id":1307,"href":"https:\/\/girasolmultimedios.com\/portal\/wp-json\/wp\/v2\/posts\/1305\/revisions\/1307"}],"wp:featuredmedia":[{"embeddable":true,"href":"https:\/\/girasolmultimedios.com\/portal\/wp-json\/wp\/v2\/media\/1306"}],"wp:attachment":[{"href":"https:\/\/girasolmultimedios.com\/portal\/wp-json\/wp\/v2\/media?parent=1305"}],"wp:term":[{"taxonomy":"category","embeddable":true,"href":"https:\/\/girasolmultimedios.com\/portal\/wp-json\/wp\/v2\/categories?post=1305"},{"taxonomy":"post_tag","embeddable":true,"href":"https:\/\/girasolmultimedios.com\/portal\/wp-json\/wp\/v2\/tags?post=1305"}],"curies":[{"name":"wp","href":"https:\/\/api.w.org\/{rel}","templated":true}]}}