{"id":1327,"date":"2025-10-19T14:12:05","date_gmt":"2025-10-19T20:12:05","guid":{"rendered":"https:\/\/girasolmultimedios.com\/portal\/?p=1327"},"modified":"2025-10-19T14:12:42","modified_gmt":"2025-10-19T20:12:42","slug":"ee-uu-asegura-que-mato-a-tres-presuntos-narcos-en-un-ataque-en-el-caribe-y-los-vincula-al-eln","status":"publish","type":"post","link":"https:\/\/girasolmultimedios.com\/portal\/ee-uu-asegura-que-mato-a-tres-presuntos-narcos-en-un-ataque-en-el-caribe-y-los-vincula-al-eln\/","title":{"rendered":"EE.UU. asegura que mat\u00f3 a tres presuntos narcos en un ataque en el Caribe y los vincula al ELN"},"content":{"rendered":"\n<p>El Gobierno de Estados Unidos anunci\u00f3 este domingo que mat\u00f3 a tres supuestos narcotraficantes a los que vincul\u00f3 con la guerrilla colombiana del Ej\u00e9rcito de Liberaci\u00f3n Nacional (ELN) en un nuevo ataque contra una embarcaci\u00f3n en aguas del mar Caribe, el s\u00e9ptimo desde que EE.UU. declar\u00f3 un \u00abconflicto armado\u00bb contra los traficantes de drogas.<\/p>\n\n\n\n<p>\u00abEl 17 de octubre, bajo la direcci\u00f3n del presidente Trump, el Departamento de Guerra llev\u00f3 a cabo un ataque cin\u00e9tico letal contra un buque afiliado al Ej\u00e9rcito de Liberaci\u00f3n Nacional (ELN), una organizaci\u00f3n terrorista designada, que operaba en el \u00e1rea de responsabilidad del Comando Sur\u00bb, inform\u00f3 el Secretario del Departamento de Guerra estadounidense, Pete Hegseth.<\/p>\n\n\n\n<p>La embarcaci\u00f3n navegaba \u00abpor una ruta conocida de narcotr\u00e1fico y transportaba cantidades sustanciales de narc\u00f3ticos\u00bb, a\u00f1adi\u00f3 Hegseth.<\/p>\n\n\n\n<p>Adem\u00e1s, aclar\u00f3 que ning\u00fan soldado estadounidense result\u00f3 herido en el ataque, que se realiz\u00f3 en aguas internacionales.<\/p>\n\n\n\n<p>El funcionario estadounidense comparti\u00f3 un video en el que se observaba el momento del bombardeo a la embarcaci\u00f3n, y comparo a los carteles con Al Qaeda.<\/p>\n\n\n\n<p>\u00abEstos carteles son la Al Qaeda del hemisferio occidental, que usa la violencia, el asesinato y el terrorismo para imponer su voluntad, amenazar nuestra seguridad nacional y envenenar a nuestro pueblo. El ej\u00e9rcito estadounidense tratar\u00e1 a estas organizaciones como los terroristas que son: ser\u00e1n perseguidos y aniquilados, igual que Al Qaeda\u00bb, sentenci\u00f3.<\/p>\n\n\n\n<h2 class=\"wp-block-heading\" id=\"h-un-ataque-en-medio-de-la-tension-con-colombia\">Un ataque en medio de la tensi\u00f3n con Colombia<\/h2>\n\n\n\n<p>Se trata del \u00faltimo ataque efectuado por las fuerzas estadounidenses contra una supuesta embarcaci\u00f3n narcotraficante en el \u00faltimo mes, cuando Estados Unidos declar\u00f3 un\u00a0\u00abconflicto armado\u00bb\u00a0contra el narcotr\u00e1fico.<\/p>\n\n\n\n<p>Desde entonces, Washington ha desplegado numerosas fuerzas en el mar Caribe bajo la justificaci\u00f3n de combatir el narcotr\u00e1fico cerca de las costas de Venezuela, lo que ha causado una tensi\u00f3n creciente entre EE.UU. y el Gobierno de Nicol\u00e1s Maduro, que ve la operaci\u00f3n como el preludio de un posible ataque contra el pa\u00eds.<\/p>\n\n\n\n<p>Esto tambi\u00e9n ha elevado la tensi\u00f3n con Colombia, a quien Trump acusa de no hacer lo suficiente para acabar con el narcotr\u00e1fico.<\/p>\n\n\n\n<p>En este sentido, Trump anunci\u00f3 este domingo el fin de la ayuda financiera a Bogot\u00e1 y describi\u00f3 al presidente colombiano, Gustavo Prieto, como \u00abun l\u00edder del narcotr\u00e1fico\u00bb. EFE<\/p>\n","protected":false},"excerpt":{"rendered":"<p>El Gobierno de Estados Unidos anunci\u00f3 este domingo que mat\u00f3 a tres supuestos narcotraficantes a los que vincul\u00f3 con la guerrilla colombiana del Ej\u00e9rcito de Liberaci\u00f3n Nacional (ELN) en un nuevo ataque contra una embarcaci\u00f3n en aguas del mar Caribe, el s\u00e9ptimo desde que EE.UU. declar\u00f3 un \u00abconflicto armado\u00bb contra los traficantes de drogas. \u00abEl [&hellip;]<\/p>\n","protected":false},"author":2,"featured_media":1328,"comment_status":"closed","ping_status":"open","sticky":false,"template":"","format":"standard","meta":{"_seopress_robots_primary_cat":"","_seopress_titles_title":"","_seopress_titles_desc":"","_seopress_robots_index":"","footnotes":""},"categories":[45],"tags":[],"class_list":["post-1327","post","type-post","status-publish","format-standard","has-post-thumbnail","hentry","category-internacionales"],"_links":{"self":[{"href":"https:\/\/girasolmultimedios.com\/portal\/wp-json\/wp\/v2\/posts\/1327","targetHints":{"allow":["GET"]}}],"collection":[{"href":"https:\/\/girasolmultimedios.com\/portal\/wp-json\/wp\/v2\/posts"}],"about":[{"href":"https:\/\/girasolmultimedios.com\/portal\/wp-json\/wp\/v2\/types\/post"}],"author":[{"embeddable":true,"href":"https:\/\/girasolmultimedios.com\/portal\/wp-json\/wp\/v2\/users\/2"}],"replies":[{"embeddable":true,"href":"https:\/\/girasolmultimedios.com\/portal\/wp-json\/wp\/v2\/comments?post=1327"}],"version-history":[{"count":1,"href":"https:\/\/girasolmultimedios.com\/portal\/wp-json\/wp\/v2\/posts\/1327\/revisions"}],"predecessor-version":[{"id":1329,"href":"https:\/\/girasolmultimedios.com\/portal\/wp-json\/wp\/v2\/posts\/1327\/revisions\/1329"}],"wp:featuredmedia":[{"embeddable":true,"href":"https:\/\/girasolmultimedios.com\/portal\/wp-json\/wp\/v2\/media\/1328"}],"wp:attachment":[{"href":"https:\/\/girasolmultimedios.com\/portal\/wp-json\/wp\/v2\/media?parent=1327"}],"wp:term":[{"taxonomy":"category","embeddable":true,"href":"https:\/\/girasolmultimedios.com\/portal\/wp-json\/wp\/v2\/categories?post=1327"},{"taxonomy":"post_tag","embeddable":true,"href":"https:\/\/girasolmultimedios.com\/portal\/wp-json\/wp\/v2\/tags?post=1327"}],"curies":[{"name":"wp","href":"https:\/\/api.w.org\/{rel}","templated":true}]}}