{"id":1340,"date":"2025-10-20T08:06:54","date_gmt":"2025-10-20T14:06:54","guid":{"rendered":"https:\/\/girasolmultimedios.com\/portal\/?p=1340"},"modified":"2025-10-20T08:06:55","modified_gmt":"2025-10-20T14:06:55","slug":"le-quitan-la-vida-a-productor-y-candidato-a-regidor-del-partido-nacional-en-trujillo-colon","status":"publish","type":"post","link":"https:\/\/girasolmultimedios.com\/portal\/le-quitan-la-vida-a-productor-y-candidato-a-regidor-del-partido-nacional-en-trujillo-colon\/","title":{"rendered":"Le quitan la vida a productor y candidato a regidor del Partido Nacional en Trujillo, Col\u00f3n"},"content":{"rendered":"\n<p>El departamento de\u00a0Col\u00f3n\u00a0vuelve a vestirse de luto tras el asesinato de Ostilio N\u00e1jera, candidato a regidor municipal por el Partido Nacional en Trujillo, quien fue ultimado a balazos la tarde del domingo en la aldea Rigores.<\/p>\n\n\n\n<p>De acuerdo con informaci\u00f3n preliminar, N\u00e1jera se dirig\u00eda hacia una pulper\u00eda de la comunidad cuando fue interceptado por sujetos armados que le dispararon sin mediar palabra, caus\u00e1ndole la muerte de forma inmediata.<\/p>\n\n\n\n<p>Adem\u00e1s de su actividad pol\u00edtica, el fallecido era un reconocido productor de c\u00edtricos y presidente de la empresa campesina \u201c19 de Mayo\u201d, desempe\u00f1\u00e1ndose como un l\u00edder comunitario muy respetado en la zona. Su asesinato ha generado consternaci\u00f3n entre los sectores pol\u00edticos y productivos del departamento de Col\u00f3n.<\/p>\n\n\n\n<p>N\u00e1jera ocupaba el tercer puesto en la planilla municipal del Partido Nacional por Trujillo y recientemente hab\u00eda participado en una reuni\u00f3n pol\u00edtica con el candidato presidencial de su partido.<\/p>\n\n\n\n<p>Seg\u00fan trascendi\u00f3, el dirigente hab\u00eda mencionado que uno de sus hermanos fue asesinado recientemente en el marco de un conflicto de tierras, por lo que las autoridades no descartan que el crimen est\u00e9 vinculado con disputas agrarias en la regi\u00f3n.<\/p>\n\n\n\n<p>La Polic\u00eda Nacional mantiene abiertas las investigaciones para dar con los responsables, mientras dirigentes del Partido Nacional y productores agr\u00edcolas de Col\u00f3n han expresado su profundo pesar y exigido justicia por este nuevo hecho violento que enluta al pa\u00eds.<\/p>\n","protected":false},"excerpt":{"rendered":"<p>El departamento de\u00a0Col\u00f3n\u00a0vuelve a vestirse de luto tras el asesinato de Ostilio N\u00e1jera, candidato a regidor municipal por el Partido Nacional en Trujillo, quien fue ultimado a balazos la tarde del domingo en la aldea Rigores. De acuerdo con informaci\u00f3n preliminar, N\u00e1jera se dirig\u00eda hacia una pulper\u00eda de la comunidad cuando fue interceptado por sujetos [&hellip;]<\/p>\n","protected":false},"author":2,"featured_media":1341,"comment_status":"closed","ping_status":"open","sticky":false,"template":"","format":"standard","meta":{"_seopress_robots_primary_cat":"","_seopress_titles_title":"","_seopress_titles_desc":"","_seopress_robots_index":"","footnotes":""},"categories":[23],"tags":[25,214],"class_list":["post-1340","post","type-post","status-publish","format-standard","has-post-thumbnail","hentry","category-nacionales","tag-honduras","tag-sucesos"],"_links":{"self":[{"href":"https:\/\/girasolmultimedios.com\/portal\/wp-json\/wp\/v2\/posts\/1340","targetHints":{"allow":["GET"]}}],"collection":[{"href":"https:\/\/girasolmultimedios.com\/portal\/wp-json\/wp\/v2\/posts"}],"about":[{"href":"https:\/\/girasolmultimedios.com\/portal\/wp-json\/wp\/v2\/types\/post"}],"author":[{"embeddable":true,"href":"https:\/\/girasolmultimedios.com\/portal\/wp-json\/wp\/v2\/users\/2"}],"replies":[{"embeddable":true,"href":"https:\/\/girasolmultimedios.com\/portal\/wp-json\/wp\/v2\/comments?post=1340"}],"version-history":[{"count":1,"href":"https:\/\/girasolmultimedios.com\/portal\/wp-json\/wp\/v2\/posts\/1340\/revisions"}],"predecessor-version":[{"id":1342,"href":"https:\/\/girasolmultimedios.com\/portal\/wp-json\/wp\/v2\/posts\/1340\/revisions\/1342"}],"wp:featuredmedia":[{"embeddable":true,"href":"https:\/\/girasolmultimedios.com\/portal\/wp-json\/wp\/v2\/media\/1341"}],"wp:attachment":[{"href":"https:\/\/girasolmultimedios.com\/portal\/wp-json\/wp\/v2\/media?parent=1340"}],"wp:term":[{"taxonomy":"category","embeddable":true,"href":"https:\/\/girasolmultimedios.com\/portal\/wp-json\/wp\/v2\/categories?post=1340"},{"taxonomy":"post_tag","embeddable":true,"href":"https:\/\/girasolmultimedios.com\/portal\/wp-json\/wp\/v2\/tags?post=1340"}],"curies":[{"name":"wp","href":"https:\/\/api.w.org\/{rel}","templated":true}]}}