{"id":1343,"date":"2025-10-20T08:19:12","date_gmt":"2025-10-20T14:19:12","guid":{"rendered":"https:\/\/girasolmultimedios.com\/portal\/?p=1343"},"modified":"2025-10-20T08:19:13","modified_gmt":"2025-10-20T14:19:13","slug":"allanan-bienes-de-diputado-liberal-vinculado-a-lavado-de-activos-y-presunto-socio-de-midence-oqueli","status":"publish","type":"post","link":"https:\/\/girasolmultimedios.com\/portal\/allanan-bienes-de-diputado-liberal-vinculado-a-lavado-de-activos-y-presunto-socio-de-midence-oqueli\/","title":{"rendered":"Allanan bienes de diputado liberal vinculado a lavado de activos y presunto socio de Midence Oquel\u00ed"},"content":{"rendered":"\n<p><strong>Col\u00f3n, Honduras<\/strong> &#8211; El Ministerio P\u00fablico (MP) emprendi\u00f3 este lunes una serie de acciones judiciales contra el diputado liberal por el departamento de Col\u00f3n, Tibdeo Ricardo Elencoff Mart\u00ednez, y varios miembros de su n\u00facleo familiar, por su presunta implicaci\u00f3n en actividades de lavado de activos vinculadas al narcotr\u00e1fico.<\/p>\n\n\n\n<p>Seg\u00fan inform\u00f3 el MP en un comunicado oficial, las diligencias se derivan de una denuncia interpuesta en junio de este a\u00f1o, en la que se se\u00f1ala que la campa\u00f1a electoral de Elencoff habr\u00eda sido financiada por el exdiputado Midence Oquel\u00ed Mart\u00ednez, actualmente procesado por narcotr\u00e1fico en Estados Unidos.<\/p>\n\n\n\n<p>Las investigaciones apuntan a que, tras la extradici\u00f3n de Oquel\u00ed, Elencoff y sus allegados habr\u00edan continuado operando una red que buscaba dar apariencia de legalidad a fondos il\u00edcitos mediante la adquisici\u00f3n de bienes y la constituci\u00f3n de empresas. El expediente tambi\u00e9n documenta un incremento patrimonial injustificado y el uso de sociedades mercantiles para ocultar el origen del dinero.<\/p>\n\n\n\n<p>Como parte del proceso, la Fiscal\u00eda Especial Contra el Crimen Organizado (FESCCO) y la Direcci\u00f3n de Lucha Contra el Narcotr\u00e1fico (DLCN), con apoyo de la Polic\u00eda Militar del Orden P\u00fablico (PMOP), ejecutaron este lunes diez allanamientos de morada y ocho inspecciones a empresas vinculadas al legislador y a presuntos socios de Midence Oquel\u00ed Mart\u00ednez y del clan Montes Bobadilla.<br>Los operativos se desarrollaron en los municipios de Tocoa, Lim\u00f3n, Trujillo y Bonito Oriental, en el departamento de Col\u00f3n, as\u00ed como en La Ceiba, Atl\u00e1ntida.<\/p>\n\n\n\n<p>El MP indic\u00f3 que estas acciones tambi\u00e9n responden a una denuncia presentada en 2019, en la que se vincula a varios de los investigados con una estructura criminal dedicada al tr\u00e1fico de drogas y al lavado de activos, presuntamente ligada al clan Montes Bobadilla. Entre los hallazgos figuran adquisiciones de negocios, viviendas, armas y transferencias sospechosas de bienes entre miembros de la red.<\/p>\n\n\n\n<p>La Fiscal\u00eda General se\u00f1al\u00f3 que el objetivo de los allanamientos e inspecciones es recolectar evidencia clave para fortalecer el expediente penal y avanzar en el combate al crimen organizado en el pa\u00eds.<\/p>\n\n\n\n<p>Tibdeo Elencoff, originario de Sab\u00e1, Col\u00f3n, es conocido tambi\u00e9n por su trayectoria como dirigente deportivo. Ingres\u00f3 a la pol\u00edtica en 2017, cuando fue electo diputado al Congreso Nacional. Actualmente cumple su segundo per\u00edodo consecutivo como legislador, tras ser reelecto en 2021.<\/p>\n\n\n\n<figure class=\"wp-block-image size-full\"><img alt=\"\" loading=\"lazy\" decoding=\"async\" width=\"720\" height=\"922\" src=\"https:\/\/girasolmultimedios.com\/portal\/wp-content\/uploads\/G3tD54bWkAASWJ5.jpg\" alt=\"\" class=\"wp-image-1344\" srcset=\"https:\/\/girasolmultimedios.com\/portal\/wp-content\/uploads\/G3tD54bWkAASWJ5.jpg 720w, https:\/\/girasolmultimedios.com\/portal\/wp-content\/uploads\/G3tD54bWkAASWJ5-234x300.jpg 234w, https:\/\/girasolmultimedios.com\/portal\/wp-content\/uploads\/G3tD54bWkAASWJ5-117x150.jpg 117w\" sizes=\"auto, (max-width: 720px) 100vw, 720px\" \/><\/figure>\n","protected":false},"excerpt":{"rendered":"<p>Col\u00f3n, Honduras &#8211; El Ministerio P\u00fablico (MP) emprendi\u00f3 este lunes una serie de acciones judiciales contra el diputado liberal por el departamento de Col\u00f3n, Tibdeo Ricardo Elencoff Mart\u00ednez, y varios miembros de su n\u00facleo familiar, por su presunta implicaci\u00f3n en actividades de lavado de activos vinculadas al narcotr\u00e1fico. Seg\u00fan inform\u00f3 el MP en un comunicado [&hellip;]<\/p>\n","protected":false},"author":2,"featured_media":1345,"comment_status":"closed","ping_status":"open","sticky":false,"template":"","format":"standard","meta":{"_seopress_robots_primary_cat":"","_seopress_titles_title":"","_seopress_titles_desc":"","_seopress_robots_index":"","footnotes":""},"categories":[1],"tags":[],"class_list":["post-1343","post","type-post","status-publish","format-standard","has-post-thumbnail","hentry","category-sin-categoria"],"_links":{"self":[{"href":"https:\/\/girasolmultimedios.com\/portal\/wp-json\/wp\/v2\/posts\/1343","targetHints":{"allow":["GET"]}}],"collection":[{"href":"https:\/\/girasolmultimedios.com\/portal\/wp-json\/wp\/v2\/posts"}],"about":[{"href":"https:\/\/girasolmultimedios.com\/portal\/wp-json\/wp\/v2\/types\/post"}],"author":[{"embeddable":true,"href":"https:\/\/girasolmultimedios.com\/portal\/wp-json\/wp\/v2\/users\/2"}],"replies":[{"embeddable":true,"href":"https:\/\/girasolmultimedios.com\/portal\/wp-json\/wp\/v2\/comments?post=1343"}],"version-history":[{"count":1,"href":"https:\/\/girasolmultimedios.com\/portal\/wp-json\/wp\/v2\/posts\/1343\/revisions"}],"predecessor-version":[{"id":1346,"href":"https:\/\/girasolmultimedios.com\/portal\/wp-json\/wp\/v2\/posts\/1343\/revisions\/1346"}],"wp:featuredmedia":[{"embeddable":true,"href":"https:\/\/girasolmultimedios.com\/portal\/wp-json\/wp\/v2\/media\/1345"}],"wp:attachment":[{"href":"https:\/\/girasolmultimedios.com\/portal\/wp-json\/wp\/v2\/media?parent=1343"}],"wp:term":[{"taxonomy":"category","embeddable":true,"href":"https:\/\/girasolmultimedios.com\/portal\/wp-json\/wp\/v2\/categories?post=1343"},{"taxonomy":"post_tag","embeddable":true,"href":"https:\/\/girasolmultimedios.com\/portal\/wp-json\/wp\/v2\/tags?post=1343"}],"curies":[{"name":"wp","href":"https:\/\/api.w.org\/{rel}","templated":true}]}}