{"id":1351,"date":"2025-10-20T09:15:44","date_gmt":"2025-10-20T15:15:44","guid":{"rendered":"https:\/\/girasolmultimedios.com\/portal\/?p=1351"},"modified":"2025-10-20T09:15:45","modified_gmt":"2025-10-20T15:15:45","slug":"tragedia-en-trujillo-asesinan-a-candidato-a-regidor-del-partido-nacional","status":"publish","type":"post","link":"https:\/\/girasolmultimedios.com\/portal\/tragedia-en-trujillo-asesinan-a-candidato-a-regidor-del-partido-nacional\/","title":{"rendered":"\u201cTragedia en Trujillo: asesinan a candidato a regidor del Partido Nacional\u201d"},"content":{"rendered":"\n<p>El departamento de Col\u00f3n vuelve a estar de luto tras el asesinato de <strong>Ostilio N\u00e1jera<\/strong>, candidato a regidor municipal por el <strong>Partido Nacional en Trujillo<\/strong>, quien fue acribillado la tarde del domingo en la <strong>aldea Rigores<\/strong>.<\/p>\n\n\n\n<p>Seg\u00fan los primeros informes, N\u00e1jera se dirig\u00eda a una pulper\u00eda de la comunidad cuando fue interceptado por hombres armados que le dispararon en repetidas ocasiones, provoc\u00e1ndole la muerte de manera instant\u00e1nea.<\/p>\n\n\n\n<p>Adem\u00e1s de su labor pol\u00edtica, N\u00e1jera era un reconocido <strong>productor de c\u00edtricos<\/strong> y presidente de la empresa campesina <em>\u201c19 de Mayo\u201d<\/em>, destac\u00e1ndose como un <strong>l\u00edder comunitario muy respetado<\/strong> en la zona. Su asesinato ha causado <strong>profunda consternaci\u00f3n<\/strong> entre los sectores pol\u00edticos, agr\u00edcolas y sociales del departamento.<\/p>\n\n\n\n<p>El fallecido ocupaba el <strong>tercer puesto en la planilla municipal del Partido Nacional por Trujillo<\/strong> y recientemente hab\u00eda participado en una reuni\u00f3n con el candidato presidencial de su partido.<\/p>\n\n\n\n<p>Fuentes cercanas revelaron que N\u00e1jera hab\u00eda manifestado preocupaci\u00f3n tras el <strong>asesinato de uno de sus hermanos<\/strong>, ocurrido en medio de un <strong>conflicto de tierras<\/strong>, por lo que las autoridades no descartan que el crimen est\u00e9 relacionado con disputas agrarias en la regi\u00f3n.<\/p>\n\n\n\n<p>La <strong>Polic\u00eda Nacional<\/strong> contin\u00faa con las investigaciones para identificar y capturar a los responsables. Mientras tanto, dirigentes del Partido Nacional y productores agr\u00edcolas de Col\u00f3n han expresado su <strong>indignaci\u00f3n y pesar<\/strong>, exigiendo <strong>justicia por este nuevo hecho violento que enluta al pa\u00eds<\/strong>.<\/p>\n","protected":false},"excerpt":{"rendered":"<p>El departamento de Col\u00f3n vuelve a estar de luto tras el asesinato de Ostilio N\u00e1jera, candidato a regidor municipal por el Partido Nacional en Trujillo, quien fue acribillado la tarde del domingo en la aldea Rigores. Seg\u00fan los primeros informes, N\u00e1jera se dirig\u00eda a una pulper\u00eda de la comunidad cuando fue interceptado por hombres armados [&hellip;]<\/p>\n","protected":false},"author":2,"featured_media":1352,"comment_status":"closed","ping_status":"open","sticky":false,"template":"","format":"standard","meta":{"_seopress_robots_primary_cat":"","_seopress_titles_title":"","_seopress_titles_desc":"","_seopress_robots_index":"","footnotes":""},"categories":[1],"tags":[],"class_list":["post-1351","post","type-post","status-publish","format-standard","has-post-thumbnail","hentry","category-sin-categoria"],"_links":{"self":[{"href":"https:\/\/girasolmultimedios.com\/portal\/wp-json\/wp\/v2\/posts\/1351","targetHints":{"allow":["GET"]}}],"collection":[{"href":"https:\/\/girasolmultimedios.com\/portal\/wp-json\/wp\/v2\/posts"}],"about":[{"href":"https:\/\/girasolmultimedios.com\/portal\/wp-json\/wp\/v2\/types\/post"}],"author":[{"embeddable":true,"href":"https:\/\/girasolmultimedios.com\/portal\/wp-json\/wp\/v2\/users\/2"}],"replies":[{"embeddable":true,"href":"https:\/\/girasolmultimedios.com\/portal\/wp-json\/wp\/v2\/comments?post=1351"}],"version-history":[{"count":1,"href":"https:\/\/girasolmultimedios.com\/portal\/wp-json\/wp\/v2\/posts\/1351\/revisions"}],"predecessor-version":[{"id":1353,"href":"https:\/\/girasolmultimedios.com\/portal\/wp-json\/wp\/v2\/posts\/1351\/revisions\/1353"}],"wp:featuredmedia":[{"embeddable":true,"href":"https:\/\/girasolmultimedios.com\/portal\/wp-json\/wp\/v2\/media\/1352"}],"wp:attachment":[{"href":"https:\/\/girasolmultimedios.com\/portal\/wp-json\/wp\/v2\/media?parent=1351"}],"wp:term":[{"taxonomy":"category","embeddable":true,"href":"https:\/\/girasolmultimedios.com\/portal\/wp-json\/wp\/v2\/categories?post=1351"},{"taxonomy":"post_tag","embeddable":true,"href":"https:\/\/girasolmultimedios.com\/portal\/wp-json\/wp\/v2\/tags?post=1351"}],"curies":[{"name":"wp","href":"https:\/\/api.w.org\/{rel}","templated":true}]}}