{"id":1357,"date":"2025-10-20T09:25:05","date_gmt":"2025-10-20T15:25:05","guid":{"rendered":"https:\/\/girasolmultimedios.com\/portal\/?p=1357"},"modified":"2025-10-20T09:25:06","modified_gmt":"2025-10-20T15:25:06","slug":"macabro-hallazgo-en-san-manuel-encuentran-a-dos-personas-sin-vida-en-las-caneras","status":"publish","type":"post","link":"https:\/\/girasolmultimedios.com\/portal\/macabro-hallazgo-en-san-manuel-encuentran-a-dos-personas-sin-vida-en-las-caneras\/","title":{"rendered":"\u201cMacabro hallazgo en San Manuel: encuentran a dos personas sin vida en Las Ca\u00f1eras\u201d"},"content":{"rendered":"\n<p>En las primeras horas de este lunes, las autoridades reportaron el <strong>hallazgo de dos personas sin vida<\/strong> en el sector de <strong>Las Ca\u00f1eras<\/strong>, municipio de <strong>San Manuel<\/strong>, departamento de <strong>Cort\u00e9s<\/strong>.<\/p>\n\n\n\n<p>De acuerdo con el <strong>informe preliminar<\/strong>, las v\u00edctimas fueron encontradas <strong>maniatadas<\/strong>, lo que hace presumir que <strong>habr\u00edan sido privadas de libertad antes de ser asesinadas<\/strong>.<\/p>\n\n\n\n<p>Elementos de la <strong>Polic\u00eda Nacional<\/strong> acordonaron la escena del crimen, mientras agentes de la <strong>Direcci\u00f3n Policial de Investigaciones (DPI)<\/strong> iniciaron las diligencias para <strong>determinar la identidad de las v\u00edctimas y esclarecer el m\u00f3vil del hecho<\/strong>.<\/p>\n\n\n\n<p>Residentes del sector expresaron su <strong>temor y preocupaci\u00f3n<\/strong> ante este nuevo episodio de violencia que afecta al norte del pa\u00eds, instando a las autoridades a <strong>reforzar la seguridad y garantizar justicia<\/strong> para las v\u00edctimas.<\/p>\n","protected":false},"excerpt":{"rendered":"<p>En las primeras horas de este lunes, las autoridades reportaron el hallazgo de dos personas sin vida en el sector de Las Ca\u00f1eras, municipio de San Manuel, departamento de Cort\u00e9s. De acuerdo con el informe preliminar, las v\u00edctimas fueron encontradas maniatadas, lo que hace presumir que habr\u00edan sido privadas de libertad antes de ser asesinadas. [&hellip;]<\/p>\n","protected":false},"author":2,"featured_media":1358,"comment_status":"closed","ping_status":"open","sticky":false,"template":"","format":"standard","meta":{"_seopress_robots_primary_cat":"","_seopress_titles_title":"","_seopress_titles_desc":"","_seopress_robots_index":"","footnotes":""},"categories":[1],"tags":[],"class_list":["post-1357","post","type-post","status-publish","format-standard","has-post-thumbnail","hentry","category-sin-categoria"],"_links":{"self":[{"href":"https:\/\/girasolmultimedios.com\/portal\/wp-json\/wp\/v2\/posts\/1357","targetHints":{"allow":["GET"]}}],"collection":[{"href":"https:\/\/girasolmultimedios.com\/portal\/wp-json\/wp\/v2\/posts"}],"about":[{"href":"https:\/\/girasolmultimedios.com\/portal\/wp-json\/wp\/v2\/types\/post"}],"author":[{"embeddable":true,"href":"https:\/\/girasolmultimedios.com\/portal\/wp-json\/wp\/v2\/users\/2"}],"replies":[{"embeddable":true,"href":"https:\/\/girasolmultimedios.com\/portal\/wp-json\/wp\/v2\/comments?post=1357"}],"version-history":[{"count":1,"href":"https:\/\/girasolmultimedios.com\/portal\/wp-json\/wp\/v2\/posts\/1357\/revisions"}],"predecessor-version":[{"id":1359,"href":"https:\/\/girasolmultimedios.com\/portal\/wp-json\/wp\/v2\/posts\/1357\/revisions\/1359"}],"wp:featuredmedia":[{"embeddable":true,"href":"https:\/\/girasolmultimedios.com\/portal\/wp-json\/wp\/v2\/media\/1358"}],"wp:attachment":[{"href":"https:\/\/girasolmultimedios.com\/portal\/wp-json\/wp\/v2\/media?parent=1357"}],"wp:term":[{"taxonomy":"category","embeddable":true,"href":"https:\/\/girasolmultimedios.com\/portal\/wp-json\/wp\/v2\/categories?post=1357"},{"taxonomy":"post_tag","embeddable":true,"href":"https:\/\/girasolmultimedios.com\/portal\/wp-json\/wp\/v2\/tags?post=1357"}],"curies":[{"name":"wp","href":"https:\/\/api.w.org\/{rel}","templated":true}]}}