{"id":1363,"date":"2025-10-20T09:42:55","date_gmt":"2025-10-20T15:42:55","guid":{"rendered":"https:\/\/girasolmultimedios.com\/portal\/?p=1363"},"modified":"2025-10-20T09:42:55","modified_gmt":"2025-10-20T15:42:55","slug":"detienen-a-hombre-acusado-de-decapitar-a-otro-en-estado-de-ebriedad","status":"publish","type":"post","link":"https:\/\/girasolmultimedios.com\/portal\/detienen-a-hombre-acusado-de-decapitar-a-otro-en-estado-de-ebriedad\/","title":{"rendered":"\u201cDetienen a hombre acusado de decapitar a otro en estado de ebriedad\u201d"},"content":{"rendered":"\n<p><strong>Comayagua.<\/strong> Un ciudadano fue capturado tras una investigaci\u00f3n realizada por agentes de la <strong>Unidad Departamental de Polic\u00eda n\u00famero 3 (UDEP-3)<\/strong>, al ser <strong>sospechoso del delito de asesinato<\/strong> en perjuicio de <strong>Fredy Hern\u00e1ndez<\/strong>.<\/p>\n\n\n\n<p>La <strong>operaci\u00f3n fue ejecutada por la Direcci\u00f3n Policial de Investigaciones (DPI)<\/strong> con el apoyo de otras dependencias de seguridad.<\/p>\n\n\n\n<p>El detenido es un hombre de <strong>35 a\u00f1os<\/strong>, originario y residente en la <strong>aldea Arrayanes<\/strong>, municipio de <strong>San Luis<\/strong>, en el departamento de <strong>Comayagua<\/strong>.<\/p>\n\n\n\n<p>De acuerdo con el <strong>reporte policial<\/strong>, el sospechoso habr\u00eda participado en una <strong>ri\u00f1a mientras inger\u00eda bebidas alcoh\u00f3licas<\/strong> junto a la v\u00edctima. Durante la discusi\u00f3n, Hern\u00e1ndez fue <strong>semi decapitado y sufri\u00f3 la amputaci\u00f3n de varios dedos<\/strong>, lo que provoc\u00f3 su muerte inmediata.<\/p>\n\n\n\n<p>Testigos presentes en el lugar identificaron al presunto responsable, quien fue <strong>arrestado y remitido a la Fiscal\u00eda de Turno del Ministerio P\u00fablico<\/strong> para continuar con el proceso legal correspondiente conforme a la ley.<\/p>\n\n\n\n<p><\/p>\n","protected":false},"excerpt":{"rendered":"<p>Comayagua. Un ciudadano fue capturado tras una investigaci\u00f3n realizada por agentes de la Unidad Departamental de Polic\u00eda n\u00famero 3 (UDEP-3), al ser sospechoso del delito de asesinato en perjuicio de Fredy Hern\u00e1ndez. La operaci\u00f3n fue ejecutada por la Direcci\u00f3n Policial de Investigaciones (DPI) con el apoyo de otras dependencias de seguridad. El detenido es un [&hellip;]<\/p>\n","protected":false},"author":2,"featured_media":1364,"comment_status":"closed","ping_status":"open","sticky":false,"template":"","format":"standard","meta":{"_seopress_robots_primary_cat":"","_seopress_titles_title":"","_seopress_titles_desc":"","_seopress_robots_index":"","footnotes":""},"categories":[1],"tags":[],"class_list":["post-1363","post","type-post","status-publish","format-standard","has-post-thumbnail","hentry","category-sin-categoria"],"_links":{"self":[{"href":"https:\/\/girasolmultimedios.com\/portal\/wp-json\/wp\/v2\/posts\/1363","targetHints":{"allow":["GET"]}}],"collection":[{"href":"https:\/\/girasolmultimedios.com\/portal\/wp-json\/wp\/v2\/posts"}],"about":[{"href":"https:\/\/girasolmultimedios.com\/portal\/wp-json\/wp\/v2\/types\/post"}],"author":[{"embeddable":true,"href":"https:\/\/girasolmultimedios.com\/portal\/wp-json\/wp\/v2\/users\/2"}],"replies":[{"embeddable":true,"href":"https:\/\/girasolmultimedios.com\/portal\/wp-json\/wp\/v2\/comments?post=1363"}],"version-history":[{"count":1,"href":"https:\/\/girasolmultimedios.com\/portal\/wp-json\/wp\/v2\/posts\/1363\/revisions"}],"predecessor-version":[{"id":1365,"href":"https:\/\/girasolmultimedios.com\/portal\/wp-json\/wp\/v2\/posts\/1363\/revisions\/1365"}],"wp:featuredmedia":[{"embeddable":true,"href":"https:\/\/girasolmultimedios.com\/portal\/wp-json\/wp\/v2\/media\/1364"}],"wp:attachment":[{"href":"https:\/\/girasolmultimedios.com\/portal\/wp-json\/wp\/v2\/media?parent=1363"}],"wp:term":[{"taxonomy":"category","embeddable":true,"href":"https:\/\/girasolmultimedios.com\/portal\/wp-json\/wp\/v2\/categories?post=1363"},{"taxonomy":"post_tag","embeddable":true,"href":"https:\/\/girasolmultimedios.com\/portal\/wp-json\/wp\/v2\/tags?post=1363"}],"curies":[{"name":"wp","href":"https:\/\/api.w.org\/{rel}","templated":true}]}}