{"id":1372,"date":"2025-10-20T10:08:40","date_gmt":"2025-10-20T16:08:40","guid":{"rendered":"https:\/\/girasolmultimedios.com\/portal\/?p=1372"},"modified":"2025-10-20T10:08:41","modified_gmt":"2025-10-20T16:08:41","slug":"expertos-senalan-que-crecimiento-del-3-6-no-sera-suficiente-para-reducir-la-pobreza-en-honduras","status":"publish","type":"post","link":"https:\/\/girasolmultimedios.com\/portal\/expertos-senalan-que-crecimiento-del-3-6-no-sera-suficiente-para-reducir-la-pobreza-en-honduras\/","title":{"rendered":"Expertos se\u00f1alan que crecimiento del 3.6 % no ser\u00e1 suficiente para reducir la pobreza en Honduras"},"content":{"rendered":"\n<p>La <strong>directora de Gobernanza Econ\u00f3mica<\/strong> de la <strong>Asociaci\u00f3n para una Sociedad m\u00e1s Justa (ASJ), Liliam Rivera<\/strong>, advirti\u00f3 que los niveles de crecimiento econ\u00f3mico proyectados por el Gobierno, similares a los de a\u00f1os anteriores, <strong>no alcanzan para reducir la pobreza en Honduras<\/strong>.<\/p>\n\n\n\n<p>\u201cLas cifras econ\u00f3micas son importantes para evaluar el desempe\u00f1o del pa\u00eds; sin embargo, cuando se analiza c\u00f3mo estas se traducen en mejoras en la calidad de vida de la poblaci\u00f3n, se evidencia que <strong>la tarea sigue pendiente<\/strong>\u201d, se\u00f1al\u00f3 Rivera.<\/p>\n\n\n\n<p>La experta destac\u00f3 que las condiciones de vida de la poblaci\u00f3n reflejan <strong>desaf\u00edos persistentes<\/strong>, como <strong>altos niveles de pobreza e inseguridad<\/strong>, as\u00ed como <strong>precariedad en los sistemas sanitario y educativo<\/strong>. Para lograr cambios significativos, subray\u00f3 la importancia de <strong>fomentar la producci\u00f3n nacional<\/strong>, apoyar a los productores locales y <strong>considerar el impacto del cambio clim\u00e1tico<\/strong>, ya que muchas zonas del pa\u00eds se ven afectadas.<\/p>\n\n\n\n<p>Rivera tambi\u00e9n enfatiz\u00f3 la necesidad de <strong>ordenamiento territorial<\/strong> y de <strong>inversiones estrat\u00e9gicas<\/strong> para mitigar riesgos recurrentes que provocan retrocesos econ\u00f3micos y sociales.<\/p>\n\n\n\n<p>Finalmente, indic\u00f3 que los <strong>incentivos econ\u00f3micos deben aplicarse de manera focalizada<\/strong>, priorizando \u00e1reas clave de inter\u00e9s nacional, como el <strong>desarrollo productivo<\/strong>, para generar un impacto real en la econom\u00eda y en la calidad de vida de los hondure\u00f1os.<\/p>\n","protected":false},"excerpt":{"rendered":"<p>La directora de Gobernanza Econ\u00f3mica de la Asociaci\u00f3n para una Sociedad m\u00e1s Justa (ASJ), Liliam Rivera, advirti\u00f3 que los niveles de crecimiento econ\u00f3mico proyectados por el Gobierno, similares a los de a\u00f1os anteriores, no alcanzan para reducir la pobreza en Honduras. \u201cLas cifras econ\u00f3micas son importantes para evaluar el desempe\u00f1o del pa\u00eds; sin embargo, cuando [&hellip;]<\/p>\n","protected":false},"author":2,"featured_media":1373,"comment_status":"closed","ping_status":"open","sticky":false,"template":"","format":"standard","meta":{"_seopress_robots_primary_cat":"","_seopress_titles_title":"","_seopress_titles_desc":"","_seopress_robots_index":"","footnotes":""},"categories":[1],"tags":[],"class_list":["post-1372","post","type-post","status-publish","format-standard","has-post-thumbnail","hentry","category-sin-categoria"],"_links":{"self":[{"href":"https:\/\/girasolmultimedios.com\/portal\/wp-json\/wp\/v2\/posts\/1372","targetHints":{"allow":["GET"]}}],"collection":[{"href":"https:\/\/girasolmultimedios.com\/portal\/wp-json\/wp\/v2\/posts"}],"about":[{"href":"https:\/\/girasolmultimedios.com\/portal\/wp-json\/wp\/v2\/types\/post"}],"author":[{"embeddable":true,"href":"https:\/\/girasolmultimedios.com\/portal\/wp-json\/wp\/v2\/users\/2"}],"replies":[{"embeddable":true,"href":"https:\/\/girasolmultimedios.com\/portal\/wp-json\/wp\/v2\/comments?post=1372"}],"version-history":[{"count":1,"href":"https:\/\/girasolmultimedios.com\/portal\/wp-json\/wp\/v2\/posts\/1372\/revisions"}],"predecessor-version":[{"id":1374,"href":"https:\/\/girasolmultimedios.com\/portal\/wp-json\/wp\/v2\/posts\/1372\/revisions\/1374"}],"wp:featuredmedia":[{"embeddable":true,"href":"https:\/\/girasolmultimedios.com\/portal\/wp-json\/wp\/v2\/media\/1373"}],"wp:attachment":[{"href":"https:\/\/girasolmultimedios.com\/portal\/wp-json\/wp\/v2\/media?parent=1372"}],"wp:term":[{"taxonomy":"category","embeddable":true,"href":"https:\/\/girasolmultimedios.com\/portal\/wp-json\/wp\/v2\/categories?post=1372"},{"taxonomy":"post_tag","embeddable":true,"href":"https:\/\/girasolmultimedios.com\/portal\/wp-json\/wp\/v2\/tags?post=1372"}],"curies":[{"name":"wp","href":"https:\/\/api.w.org\/{rel}","templated":true}]}}