{"id":1378,"date":"2025-10-20T10:39:51","date_gmt":"2025-10-20T16:39:51","guid":{"rendered":"https:\/\/girasolmultimedios.com\/portal\/?p=1378"},"modified":"2025-10-20T10:39:51","modified_gmt":"2025-10-20T16:39:51","slug":"mas-de-15-empresas-camaroneras-hondurenas-participaran-en-feria-de-mariscos-en-china","status":"publish","type":"post","link":"https:\/\/girasolmultimedios.com\/portal\/mas-de-15-empresas-camaroneras-hondurenas-participaran-en-feria-de-mariscos-en-china\/","title":{"rendered":"M\u00e1s de 15 empresas camaroneras hondure\u00f1as participar\u00e1n en feria de mariscos en China"},"content":{"rendered":"\n<p>Un total de <strong>16 empresas hondure\u00f1as del sector camaronero<\/strong> participar\u00e1n en la <strong>Feria Internacional de Pesquer\u00eda y Mariscos de Qingdao<\/strong>, en China, a finales de octubre, ofreciendo una <strong>vitrina internacional para esta prote\u00edna cultivada en Honduras<\/strong>.<\/p>\n\n\n\n<p>La informaci\u00f3n fue proporcionada por <strong>Nancy Lara<\/strong>, Promotora Internacional de la Canciller\u00eda, quien indic\u00f3 que se contin\u00faa trabajando en el <strong>montaje de la exposici\u00f3n de las empresas camaroneras<\/strong> en el pa\u00eds asi\u00e1tico.<\/p>\n\n\n\n<p>\u201c<strong>Por Honduras participar\u00e1n 16 empresas camaroneras<\/strong>, resultado de un esfuerzo conjunto entre la Canciller\u00eda y el sector privado\u201d, se\u00f1al\u00f3 Lara. Adem\u00e1s, explic\u00f3 que los visitantes de la feria buscar\u00e1n <strong>identificar proveedores y establecer contratos<\/strong> para el pr\u00f3ximo a\u00f1o.<\/p>\n\n\n\n<p>Durante el evento, los representantes hondure\u00f1os tambi\u00e9n promocionar\u00e1n otros productos nacionales como <strong>caf\u00e9, langosta, pepino de mar, medusa y tabaco<\/strong>. Sin embargo, Lara reconoci\u00f3 que <strong>el ingreso del camar\u00f3n al mercado chino ha sido un proceso dif\u00edcil<\/strong>, debido a la ca\u00edda de su percepci\u00f3n en ese pa\u00eds.<\/p>\n","protected":false},"excerpt":{"rendered":"<p>Un total de 16 empresas hondure\u00f1as del sector camaronero participar\u00e1n en la Feria Internacional de Pesquer\u00eda y Mariscos de Qingdao, en China, a finales de octubre, ofreciendo una vitrina internacional para esta prote\u00edna cultivada en Honduras. La informaci\u00f3n fue proporcionada por Nancy Lara, Promotora Internacional de la Canciller\u00eda, quien indic\u00f3 que se contin\u00faa trabajando en [&hellip;]<\/p>\n","protected":false},"author":2,"featured_media":1379,"comment_status":"closed","ping_status":"open","sticky":false,"template":"","format":"standard","meta":{"_seopress_robots_primary_cat":"","_seopress_titles_title":"","_seopress_titles_desc":"","_seopress_robots_index":"","footnotes":""},"categories":[1],"tags":[],"class_list":["post-1378","post","type-post","status-publish","format-standard","has-post-thumbnail","hentry","category-sin-categoria"],"_links":{"self":[{"href":"https:\/\/girasolmultimedios.com\/portal\/wp-json\/wp\/v2\/posts\/1378","targetHints":{"allow":["GET"]}}],"collection":[{"href":"https:\/\/girasolmultimedios.com\/portal\/wp-json\/wp\/v2\/posts"}],"about":[{"href":"https:\/\/girasolmultimedios.com\/portal\/wp-json\/wp\/v2\/types\/post"}],"author":[{"embeddable":true,"href":"https:\/\/girasolmultimedios.com\/portal\/wp-json\/wp\/v2\/users\/2"}],"replies":[{"embeddable":true,"href":"https:\/\/girasolmultimedios.com\/portal\/wp-json\/wp\/v2\/comments?post=1378"}],"version-history":[{"count":1,"href":"https:\/\/girasolmultimedios.com\/portal\/wp-json\/wp\/v2\/posts\/1378\/revisions"}],"predecessor-version":[{"id":1380,"href":"https:\/\/girasolmultimedios.com\/portal\/wp-json\/wp\/v2\/posts\/1378\/revisions\/1380"}],"wp:featuredmedia":[{"embeddable":true,"href":"https:\/\/girasolmultimedios.com\/portal\/wp-json\/wp\/v2\/media\/1379"}],"wp:attachment":[{"href":"https:\/\/girasolmultimedios.com\/portal\/wp-json\/wp\/v2\/media?parent=1378"}],"wp:term":[{"taxonomy":"category","embeddable":true,"href":"https:\/\/girasolmultimedios.com\/portal\/wp-json\/wp\/v2\/categories?post=1378"},{"taxonomy":"post_tag","embeddable":true,"href":"https:\/\/girasolmultimedios.com\/portal\/wp-json\/wp\/v2\/tags?post=1378"}],"curies":[{"name":"wp","href":"https:\/\/api.w.org\/{rel}","templated":true}]}}