{"id":1382,"date":"2025-10-21T09:19:31","date_gmt":"2025-10-21T15:19:31","guid":{"rendered":"https:\/\/girasolmultimedios.com\/portal\/?p=1382"},"modified":"2025-10-21T09:19:32","modified_gmt":"2025-10-21T15:19:32","slug":"conductor-sufre-lesiones-en-aparatoso-accidente-vial-en-villanueva-cortes","status":"publish","type":"post","link":"https:\/\/girasolmultimedios.com\/portal\/conductor-sufre-lesiones-en-aparatoso-accidente-vial-en-villanueva-cortes\/","title":{"rendered":"Conductor sufre lesiones en aparatoso accidente vial en Villanueva, Cort\u00e9s"},"content":{"rendered":"\n<p>Un <strong>fuerte accidente de tr\u00e1nsito<\/strong> se registr\u00f3 en horas de la ma\u00f1ana de este martes en la <strong>carretera CA-5<\/strong>, a la altura de <strong>Pronorsa<\/strong>, en el carril que conduce de <strong>Villanueva hacia San Pedro Sula<\/strong>, departamento de <strong>Cort\u00e9s<\/strong>.<\/p>\n\n\n\n<p>El percance ocurri\u00f3 alrededor de las <strong>6:00 a.m.<\/strong> y dej\u00f3 como resultado a un <strong>conductor gravemente herido<\/strong>, seg\u00fan informaron autoridades de tr\u00e1nsito que se desplazaron al lugar.<\/p>\n\n\n\n<p>De acuerdo con el relato de testigos, el veh\u00edculo <strong>impact\u00f3 de forma frontal contra el barandal del puente<\/strong> del sector, provocando <strong>da\u00f1os severos<\/strong> en la parte delantera de la unidad.<\/p>\n\n\n\n<p>El lesionado, un hombre de <strong>aproximadamente 35 a\u00f1os<\/strong>, cuya identidad no ha sido revelada, fue <strong>auxiliado por param\u00e9dicos<\/strong> y posteriormente <strong>trasladado a un centro asistencial en San Pedro Sula<\/strong>, donde recibe <strong>atenci\u00f3n m\u00e9dica especializada<\/strong>.<\/p>\n\n\n\n<p>Las autoridades investigan las <strong>causas del accidente<\/strong>, sin descartar factores como el exceso de velocidad o la p\u00e9rdida de control del veh\u00edculo.<\/p>\n","protected":false},"excerpt":{"rendered":"<p>Un fuerte accidente de tr\u00e1nsito se registr\u00f3 en horas de la ma\u00f1ana de este martes en la carretera CA-5, a la altura de Pronorsa, en el carril que conduce de Villanueva hacia San Pedro Sula, departamento de Cort\u00e9s. El percance ocurri\u00f3 alrededor de las 6:00 a.m. y dej\u00f3 como resultado a un conductor gravemente herido, [&hellip;]<\/p>\n","protected":false},"author":2,"featured_media":1383,"comment_status":"closed","ping_status":"open","sticky":false,"template":"","format":"standard","meta":{"_seopress_robots_primary_cat":"","_seopress_titles_title":"","_seopress_titles_desc":"","_seopress_robots_index":"","footnotes":""},"categories":[1],"tags":[],"class_list":["post-1382","post","type-post","status-publish","format-standard","has-post-thumbnail","hentry","category-sin-categoria"],"_links":{"self":[{"href":"https:\/\/girasolmultimedios.com\/portal\/wp-json\/wp\/v2\/posts\/1382","targetHints":{"allow":["GET"]}}],"collection":[{"href":"https:\/\/girasolmultimedios.com\/portal\/wp-json\/wp\/v2\/posts"}],"about":[{"href":"https:\/\/girasolmultimedios.com\/portal\/wp-json\/wp\/v2\/types\/post"}],"author":[{"embeddable":true,"href":"https:\/\/girasolmultimedios.com\/portal\/wp-json\/wp\/v2\/users\/2"}],"replies":[{"embeddable":true,"href":"https:\/\/girasolmultimedios.com\/portal\/wp-json\/wp\/v2\/comments?post=1382"}],"version-history":[{"count":1,"href":"https:\/\/girasolmultimedios.com\/portal\/wp-json\/wp\/v2\/posts\/1382\/revisions"}],"predecessor-version":[{"id":1384,"href":"https:\/\/girasolmultimedios.com\/portal\/wp-json\/wp\/v2\/posts\/1382\/revisions\/1384"}],"wp:featuredmedia":[{"embeddable":true,"href":"https:\/\/girasolmultimedios.com\/portal\/wp-json\/wp\/v2\/media\/1383"}],"wp:attachment":[{"href":"https:\/\/girasolmultimedios.com\/portal\/wp-json\/wp\/v2\/media?parent=1382"}],"wp:term":[{"taxonomy":"category","embeddable":true,"href":"https:\/\/girasolmultimedios.com\/portal\/wp-json\/wp\/v2\/categories?post=1382"},{"taxonomy":"post_tag","embeddable":true,"href":"https:\/\/girasolmultimedios.com\/portal\/wp-json\/wp\/v2\/tags?post=1382"}],"curies":[{"name":"wp","href":"https:\/\/api.w.org\/{rel}","templated":true}]}}