{"id":1388,"date":"2025-10-21T09:36:16","date_gmt":"2025-10-21T15:36:16","guid":{"rendered":"https:\/\/girasolmultimedios.com\/portal\/?p=1388"},"modified":"2025-10-21T09:36:16","modified_gmt":"2025-10-21T15:36:16","slug":"intensas-lluvias-provocan-enorme-socavon-en-el-sector-de-zarabanda","status":"publish","type":"post","link":"https:\/\/girasolmultimedios.com\/portal\/intensas-lluvias-provocan-enorme-socavon-en-el-sector-de-zarabanda\/","title":{"rendered":"Intensas lluvias provocan enorme socav\u00f3n en el sector de Zarabanda"},"content":{"rendered":"\n<p>Las <strong>intensas lluvias de los \u00faltimos d\u00edas<\/strong> provocaron el <strong>colapso de una alcantarilla<\/strong> a la altura del <strong>kil\u00f3metro 12<\/strong>, en la carretera que conecta <strong>Santa Luc\u00eda con Valle de \u00c1ngeles<\/strong>, departamento de <strong>Francisco Moraz\u00e1n<\/strong>, generando un <strong>socav\u00f3n de grandes proporciones<\/strong> que destruy\u00f3 uno de los carriles y afect\u00f3 gravemente la circulaci\u00f3n vehicular.<\/p>\n\n\n\n<p>Ante la emergencia, la <strong>Secretar\u00eda de Infraestructura y Transporte (SIT)<\/strong> inici\u00f3 los <strong>trabajos de reparaci\u00f3n y reconstrucci\u00f3n<\/strong> de la v\u00eda. El <strong>coordinador de proyectos de la SIT, Eduard Rodr\u00edguez<\/strong>, explic\u00f3 que por ahora solo se trabaja en uno de los extremos de la carretera, con el fin de <strong>habilitar temporalmente un carril en horarios espec\u00edficos<\/strong> del d\u00eda.<\/p>\n\n\n\n<p>\u201cHemos permitido el paso por lapsos cortos, pero la acumulaci\u00f3n de agua por el da\u00f1o en la alcantarilla nos ha retrasado. La carretera est\u00e1 habilitada de forma parcial\u201d, se\u00f1al\u00f3 Rodr\u00edguez, quien estim\u00f3 que las labores podr\u00edan <strong>finalizar en aproximadamente una semana<\/strong>, incluyendo los <strong>ajustes complementarios<\/strong>.<\/p>\n\n\n\n<p>El funcionario agreg\u00f3 que durante las <strong>horas pico de tr\u00e1fico<\/strong> se suspender\u00e1n las obras para <strong>garantizar la seguridad de los conductores<\/strong>, ya que la <strong>profundidad del socav\u00f3n<\/strong> representa un riesgo considerable.<\/p>\n\n\n\n<p>El <strong>alcalde de Santa Luc\u00eda, Julio Avil\u00e9s<\/strong>, lament\u00f3 que la situaci\u00f3n haya <strong>afectado a varias comunidades<\/strong>, especialmente las <strong>aldeas productoras agr\u00edcolas<\/strong>, que ahora enfrentan <strong>dificultades para transportar sus productos<\/strong>.<\/p>\n\n\n\n<p>Adem\u00e1s, el <strong>socav\u00f3n y las constantes lluvias<\/strong> han provocado <strong>inundaciones en varias viviendas cercanas<\/strong>, aumentando la preocupaci\u00f3n de los habitantes del sector de <strong>Zarabanda<\/strong>, quienes piden una soluci\u00f3n definitiva ante el peligro que representa esta falla en la carretera.<\/p>\n","protected":false},"excerpt":{"rendered":"<p>Las intensas lluvias de los \u00faltimos d\u00edas provocaron el colapso de una alcantarilla a la altura del kil\u00f3metro 12, en la carretera que conecta Santa Luc\u00eda con Valle de \u00c1ngeles, departamento de Francisco Moraz\u00e1n, generando un socav\u00f3n de grandes proporciones que destruy\u00f3 uno de los carriles y afect\u00f3 gravemente la circulaci\u00f3n vehicular. Ante la emergencia, [&hellip;]<\/p>\n","protected":false},"author":2,"featured_media":1389,"comment_status":"closed","ping_status":"open","sticky":false,"template":"","format":"standard","meta":{"_seopress_robots_primary_cat":"","_seopress_titles_title":"","_seopress_titles_desc":"","_seopress_robots_index":"","footnotes":""},"categories":[1],"tags":[],"class_list":["post-1388","post","type-post","status-publish","format-standard","has-post-thumbnail","hentry","category-sin-categoria"],"_links":{"self":[{"href":"https:\/\/girasolmultimedios.com\/portal\/wp-json\/wp\/v2\/posts\/1388","targetHints":{"allow":["GET"]}}],"collection":[{"href":"https:\/\/girasolmultimedios.com\/portal\/wp-json\/wp\/v2\/posts"}],"about":[{"href":"https:\/\/girasolmultimedios.com\/portal\/wp-json\/wp\/v2\/types\/post"}],"author":[{"embeddable":true,"href":"https:\/\/girasolmultimedios.com\/portal\/wp-json\/wp\/v2\/users\/2"}],"replies":[{"embeddable":true,"href":"https:\/\/girasolmultimedios.com\/portal\/wp-json\/wp\/v2\/comments?post=1388"}],"version-history":[{"count":1,"href":"https:\/\/girasolmultimedios.com\/portal\/wp-json\/wp\/v2\/posts\/1388\/revisions"}],"predecessor-version":[{"id":1390,"href":"https:\/\/girasolmultimedios.com\/portal\/wp-json\/wp\/v2\/posts\/1388\/revisions\/1390"}],"wp:featuredmedia":[{"embeddable":true,"href":"https:\/\/girasolmultimedios.com\/portal\/wp-json\/wp\/v2\/media\/1389"}],"wp:attachment":[{"href":"https:\/\/girasolmultimedios.com\/portal\/wp-json\/wp\/v2\/media?parent=1388"}],"wp:term":[{"taxonomy":"category","embeddable":true,"href":"https:\/\/girasolmultimedios.com\/portal\/wp-json\/wp\/v2\/categories?post=1388"},{"taxonomy":"post_tag","embeddable":true,"href":"https:\/\/girasolmultimedios.com\/portal\/wp-json\/wp\/v2\/tags?post=1388"}],"curies":[{"name":"wp","href":"https:\/\/api.w.org\/{rel}","templated":true}]}}