{"id":1394,"date":"2025-10-21T09:44:31","date_gmt":"2025-10-21T15:44:31","guid":{"rendered":"https:\/\/girasolmultimedios.com\/portal\/?p=1394"},"modified":"2025-10-21T09:44:31","modified_gmt":"2025-10-21T15:44:31","slug":"desarticulan-a-la-banda-los-lopez-que-planeaba-atentado-contra-black-mamba","status":"publish","type":"post","link":"https:\/\/girasolmultimedios.com\/portal\/desarticulan-a-la-banda-los-lopez-que-planeaba-atentado-contra-black-mamba\/","title":{"rendered":"Desarticulan a la banda \u201cLos L\u00f3pez\u201d, que planeaba atentado contra \u201cBlack Mamba\u201d"},"content":{"rendered":"\n<p>La <strong>Direcci\u00f3n Policial Anti Maras y Pandillas Contra el Crimen Organizado (Dipampco)<\/strong> incaut\u00f3 un <strong>arsenal de guerra y un lanzagranadas<\/strong> que ser\u00edan utilizados por la <strong>banda \u201cLos L\u00f3pez\u201d<\/strong> para perpetrar un ataque contra los equipos <strong>Black Mamba<\/strong> en el municipio de <strong>La Lima, Cort\u00e9s<\/strong>.<\/p>\n\n\n\n<p>De acuerdo con el informe policial, tras <strong>varios d\u00edas de labores de inteligencia y vigilancia<\/strong>, los agentes localizaron el armamento en una <strong>finca bananera ubicada en la aldea Protecci\u00f3n<\/strong>, propiedad de <strong>Alberto Rodr\u00edguez L\u00f3pez<\/strong>. La operaci\u00f3n se ejecut\u00f3 en el marco de la <strong>Operaci\u00f3n Alc\u00e1zar<\/strong>.<\/p>\n\n\n\n<p>Seg\u00fan las investigaciones, las armas pertenec\u00edan al grupo criminal \u201cLos L\u00f3pez\u201d, organizaci\u00f3n delictiva que <strong>opera en la zona y mantiene en zozobra a los habitantes del sector<\/strong>.<\/p>\n\n\n\n<p>Entre lo decomisado se encuentran <strong>dos fusiles AR-15<\/strong> con proveedor y <strong>accesorios tipo lanzagranadas<\/strong>, <strong>dos fusiles AK-47<\/strong>, <strong>dos ojivas de RPG<\/strong>, <strong>17 cartuchos calibre 7.62<\/strong>, <strong>10 proyectiles calibre 5.56<\/strong>, adem\u00e1s de <strong>cuatro cascos bal\u00edsticos<\/strong>, <strong>cuatro chalecos antibalas<\/strong>, un <strong>barril<\/strong> y una <strong>pala<\/strong> utilizados para ocultar el armamento.<\/p>\n\n\n\n<p>Las autoridades indicaron que las armas ser\u00edan utilizadas para <strong>atacar a funcionarios policiales y a los equipos especiales Black Mamba<\/strong>, quienes mantienen <strong>presencia constante en el \u00e1rea<\/strong> para contrarrestar las actividades delictivas.<\/p>\n\n\n\n<p>El armamento ser\u00e1 sometido a <strong>peritaje bal\u00edstico<\/strong> para determinar si fue utilizado en hechos violentos ocurridos en la regi\u00f3n. Asimismo, el hallazgo permitir\u00e1 <strong>abrir nuevas l\u00edneas de investigaci\u00f3n<\/strong> orientadas a <strong>capturar a los principales miembros de la banda \u201cLos L\u00f3pez\u201d<\/strong> y desmantelar su red criminal.<\/p>\n","protected":false},"excerpt":{"rendered":"<p>La Direcci\u00f3n Policial Anti Maras y Pandillas Contra el Crimen Organizado (Dipampco) incaut\u00f3 un arsenal de guerra y un lanzagranadas que ser\u00edan utilizados por la banda \u201cLos L\u00f3pez\u201d para perpetrar un ataque contra los equipos Black Mamba en el municipio de La Lima, Cort\u00e9s. De acuerdo con el informe policial, tras varios d\u00edas de labores [&hellip;]<\/p>\n","protected":false},"author":2,"featured_media":1395,"comment_status":"closed","ping_status":"open","sticky":false,"template":"","format":"standard","meta":{"_seopress_robots_primary_cat":"","_seopress_titles_title":"","_seopress_titles_desc":"","_seopress_robots_index":"","footnotes":""},"categories":[1],"tags":[],"class_list":["post-1394","post","type-post","status-publish","format-standard","has-post-thumbnail","hentry","category-sin-categoria"],"_links":{"self":[{"href":"https:\/\/girasolmultimedios.com\/portal\/wp-json\/wp\/v2\/posts\/1394","targetHints":{"allow":["GET"]}}],"collection":[{"href":"https:\/\/girasolmultimedios.com\/portal\/wp-json\/wp\/v2\/posts"}],"about":[{"href":"https:\/\/girasolmultimedios.com\/portal\/wp-json\/wp\/v2\/types\/post"}],"author":[{"embeddable":true,"href":"https:\/\/girasolmultimedios.com\/portal\/wp-json\/wp\/v2\/users\/2"}],"replies":[{"embeddable":true,"href":"https:\/\/girasolmultimedios.com\/portal\/wp-json\/wp\/v2\/comments?post=1394"}],"version-history":[{"count":1,"href":"https:\/\/girasolmultimedios.com\/portal\/wp-json\/wp\/v2\/posts\/1394\/revisions"}],"predecessor-version":[{"id":1396,"href":"https:\/\/girasolmultimedios.com\/portal\/wp-json\/wp\/v2\/posts\/1394\/revisions\/1396"}],"wp:featuredmedia":[{"embeddable":true,"href":"https:\/\/girasolmultimedios.com\/portal\/wp-json\/wp\/v2\/media\/1395"}],"wp:attachment":[{"href":"https:\/\/girasolmultimedios.com\/portal\/wp-json\/wp\/v2\/media?parent=1394"}],"wp:term":[{"taxonomy":"category","embeddable":true,"href":"https:\/\/girasolmultimedios.com\/portal\/wp-json\/wp\/v2\/categories?post=1394"},{"taxonomy":"post_tag","embeddable":true,"href":"https:\/\/girasolmultimedios.com\/portal\/wp-json\/wp\/v2\/tags?post=1394"}],"curies":[{"name":"wp","href":"https:\/\/api.w.org\/{rel}","templated":true}]}}