{"id":1397,"date":"2025-10-21T09:49:04","date_gmt":"2025-10-21T15:49:04","guid":{"rendered":"https:\/\/girasolmultimedios.com\/portal\/?p=1397"},"modified":"2025-10-21T09:49:05","modified_gmt":"2025-10-21T15:49:05","slug":"productores-advierten-perdidas-totales-en-cultivos-de-granos-basicos-por-intensas-lluvias","status":"publish","type":"post","link":"https:\/\/girasolmultimedios.com\/portal\/productores-advierten-perdidas-totales-en-cultivos-de-granos-basicos-por-intensas-lluvias\/","title":{"rendered":"Productores advierten p\u00e9rdidas totales en cultivos de granos b\u00e1sicos por intensas lluvias"},"content":{"rendered":"\n<p>Las <strong>asociaciones de agricultores<\/strong> de Honduras alertaron sobre <strong>p\u00e9rdidas totales en las siembras de granos b\u00e1sicos de postrera<\/strong>, afectadas por las <strong>condiciones climatol\u00f3gicas adversas<\/strong> que predominan en las principales zonas productivas del pa\u00eds.<\/p>\n\n\n\n<p>El <strong>presidente de la Asociaci\u00f3n Hondure\u00f1a de Agricultores, Pablo Pav\u00f3n<\/strong>, se\u00f1al\u00f3 que el sector atraviesa un <strong>momento cr\u00edtico<\/strong>, golpeado por las lluvias en casi todo el territorio, situaci\u00f3n que se repite de manera similar a a\u00f1os anteriores.<\/p>\n\n\n\n<p>Pav\u00f3n detall\u00f3 que los <strong>plant\u00edos de frijol<\/strong>, principal grano sembrado en esta temporada (de agosto a octubre), podr\u00edan sufrir <strong>da\u00f1os totales<\/strong>. \u201cEl pa\u00eds demanda <strong>2.3 millones de quintales de frijol al a\u00f1o<\/strong>, pero solo hemos producido alrededor de <strong>1.3 millones<\/strong>. Con las condiciones actuales, estimamos que la cosecha apenas alcanzar\u00e1 <strong>700 mil quintales<\/strong>\u201d, explic\u00f3.<\/p>\n\n\n\n<p>La <strong>situaci\u00f3n tambi\u00e9n afecta al arroz<\/strong>, cuya producci\u00f3n local cubre <strong>menos del 10 %<\/strong> del consumo nacional. \u201cActualmente importamos <strong>m\u00e1s de 5 millones de quintales de arroz al a\u00f1o<\/strong>\u201d, agreg\u00f3 Pav\u00f3n.<\/p>\n\n\n\n<p>En cuanto al <strong>ma\u00edz amarillo y blanco<\/strong>, las importaciones superan los <strong>15 millones de quintales<\/strong>, y se prev\u00e9 que la producci\u00f3n nacional durante toda la <strong>cosecha 2025<\/strong> (incluyendo ciclos de primera, postrera y postrera tard\u00eda) <strong>no alcance los 5 millones de quintales<\/strong>.<\/p>\n\n\n\n<p>Aunque algunos departamentos, como <strong>Yoro<\/strong>, realizan siembras tard\u00edas, Pav\u00f3n advirti\u00f3 que <strong>la producci\u00f3n no cubrir\u00e1 la demanda interna<\/strong>, enfatizando que las expectativas de abastecimiento se ver\u00e1n afectadas debido a las <strong>p\u00e9rdidas provocadas por las lluvias<\/strong>.<\/p>\n","protected":false},"excerpt":{"rendered":"<p>Las asociaciones de agricultores de Honduras alertaron sobre p\u00e9rdidas totales en las siembras de granos b\u00e1sicos de postrera, afectadas por las condiciones climatol\u00f3gicas adversas que predominan en las principales zonas productivas del pa\u00eds. El presidente de la Asociaci\u00f3n Hondure\u00f1a de Agricultores, Pablo Pav\u00f3n, se\u00f1al\u00f3 que el sector atraviesa un momento cr\u00edtico, golpeado por las lluvias [&hellip;]<\/p>\n","protected":false},"author":2,"featured_media":1398,"comment_status":"closed","ping_status":"open","sticky":false,"template":"","format":"standard","meta":{"_seopress_robots_primary_cat":"","_seopress_titles_title":"","_seopress_titles_desc":"","_seopress_robots_index":"","footnotes":""},"categories":[1],"tags":[],"class_list":["post-1397","post","type-post","status-publish","format-standard","has-post-thumbnail","hentry","category-sin-categoria"],"_links":{"self":[{"href":"https:\/\/girasolmultimedios.com\/portal\/wp-json\/wp\/v2\/posts\/1397","targetHints":{"allow":["GET"]}}],"collection":[{"href":"https:\/\/girasolmultimedios.com\/portal\/wp-json\/wp\/v2\/posts"}],"about":[{"href":"https:\/\/girasolmultimedios.com\/portal\/wp-json\/wp\/v2\/types\/post"}],"author":[{"embeddable":true,"href":"https:\/\/girasolmultimedios.com\/portal\/wp-json\/wp\/v2\/users\/2"}],"replies":[{"embeddable":true,"href":"https:\/\/girasolmultimedios.com\/portal\/wp-json\/wp\/v2\/comments?post=1397"}],"version-history":[{"count":1,"href":"https:\/\/girasolmultimedios.com\/portal\/wp-json\/wp\/v2\/posts\/1397\/revisions"}],"predecessor-version":[{"id":1399,"href":"https:\/\/girasolmultimedios.com\/portal\/wp-json\/wp\/v2\/posts\/1397\/revisions\/1399"}],"wp:featuredmedia":[{"embeddable":true,"href":"https:\/\/girasolmultimedios.com\/portal\/wp-json\/wp\/v2\/media\/1398"}],"wp:attachment":[{"href":"https:\/\/girasolmultimedios.com\/portal\/wp-json\/wp\/v2\/media?parent=1397"}],"wp:term":[{"taxonomy":"category","embeddable":true,"href":"https:\/\/girasolmultimedios.com\/portal\/wp-json\/wp\/v2\/categories?post=1397"},{"taxonomy":"post_tag","embeddable":true,"href":"https:\/\/girasolmultimedios.com\/portal\/wp-json\/wp\/v2\/tags?post=1397"}],"curies":[{"name":"wp","href":"https:\/\/api.w.org\/{rel}","templated":true}]}}