{"id":1406,"date":"2025-10-22T09:44:23","date_gmt":"2025-10-22T15:44:23","guid":{"rendered":"https:\/\/girasolmultimedios.com\/portal\/?p=1406"},"modified":"2025-10-22T09:44:24","modified_gmt":"2025-10-22T15:44:24","slug":"la-enee-anuncia-una-descarga-controlada-en-la-represa-el-cajon","status":"publish","type":"post","link":"https:\/\/girasolmultimedios.com\/portal\/la-enee-anuncia-una-descarga-controlada-en-la-represa-el-cajon\/","title":{"rendered":"La ENEE anuncia una descarga controlada en la represa El Caj\u00f3n."},"content":{"rendered":"\n<p>El titular de la <strong>Empresa Nacional de Energ\u00eda El\u00e9ctrica (ENEE)<\/strong>, <strong>Erick Tejada<\/strong>, inform\u00f3 que este <strong>mi\u00e9rcoles<\/strong>, entre las <strong>8:30 y 9:00 de la ma\u00f1ana<\/strong>, se llevar\u00e1 a cabo la <strong>primera descarga controlada<\/strong> de la represa hidroel\u00e9ctrica <strong>El Caj\u00f3n<\/strong>, como medida preventiva ante el incremento en el nivel del embalse.<\/p>\n\n\n\n<p>Tejada explic\u00f3 que la operaci\u00f3n se realizar\u00e1 <strong>de manera totalmente controlada y en niveles m\u00ednimos<\/strong>, descartando cualquier riesgo de <strong>inundaciones en las zonas bajas cercanas<\/strong>.<\/p>\n\n\n\n<blockquote class=\"wp-block-quote is-layout-flow wp-block-quote-is-layout-flow\">\n<p>\u201cCon el volumen de agua que se descargar\u00e1, es imposible que las zonas bajas resulten inundadas\u201d, afirm\u00f3 el funcionario.<\/p>\n<\/blockquote>\n\n\n\n<p>Antes de iniciar la descarga, se llevar\u00e1 a cabo una <strong>reuni\u00f3n t\u00e9cnica<\/strong> con expertos del <strong>Centro Nacional de Despacho (CND)<\/strong> y del <strong>Servicio Aut\u00f3nomo Nacional de Acueductos y Alcantarillados (SANAA)<\/strong>, con el fin de asegurar que el procedimiento se ejecute bajo condiciones \u00f3ptimas de <strong>seguridad y control<\/strong>.<\/p>\n\n\n\n<p>Actualmente, el embalse de <strong>El Caj\u00f3n<\/strong> presenta un nivel de <strong>286.40 metros sobre el nivel del mar<\/strong>, lo que representa <strong>14 metros m\u00e1s<\/strong> que a mediados de septiembre. Este aumento ha motivado la <strong>apertura de las compuertas de alivio<\/strong>.<\/p>\n\n\n\n<p>El titular de la ENEE reiter\u00f3 que se trata de un <strong>proceso mec\u00e1nico y regulado<\/strong>, asegurando que <strong>no se prev\u00e9n afectaciones significativas<\/strong> ni para las comunidades cercanas ni para el <strong>suministro el\u00e9ctrico nacional<\/strong>.<\/p>\n","protected":false},"excerpt":{"rendered":"<p>El titular de la Empresa Nacional de Energ\u00eda El\u00e9ctrica (ENEE), Erick Tejada, inform\u00f3 que este mi\u00e9rcoles, entre las 8:30 y 9:00 de la ma\u00f1ana, se llevar\u00e1 a cabo la primera descarga controlada de la represa hidroel\u00e9ctrica El Caj\u00f3n, como medida preventiva ante el incremento en el nivel del embalse. Tejada explic\u00f3 que la operaci\u00f3n se [&hellip;]<\/p>\n","protected":false},"author":2,"featured_media":1407,"comment_status":"closed","ping_status":"open","sticky":false,"template":"","format":"standard","meta":{"_seopress_robots_primary_cat":"","_seopress_titles_title":"","_seopress_titles_desc":"","_seopress_robots_index":"","footnotes":""},"categories":[1],"tags":[],"class_list":["post-1406","post","type-post","status-publish","format-standard","has-post-thumbnail","hentry","category-sin-categoria"],"_links":{"self":[{"href":"https:\/\/girasolmultimedios.com\/portal\/wp-json\/wp\/v2\/posts\/1406","targetHints":{"allow":["GET"]}}],"collection":[{"href":"https:\/\/girasolmultimedios.com\/portal\/wp-json\/wp\/v2\/posts"}],"about":[{"href":"https:\/\/girasolmultimedios.com\/portal\/wp-json\/wp\/v2\/types\/post"}],"author":[{"embeddable":true,"href":"https:\/\/girasolmultimedios.com\/portal\/wp-json\/wp\/v2\/users\/2"}],"replies":[{"embeddable":true,"href":"https:\/\/girasolmultimedios.com\/portal\/wp-json\/wp\/v2\/comments?post=1406"}],"version-history":[{"count":1,"href":"https:\/\/girasolmultimedios.com\/portal\/wp-json\/wp\/v2\/posts\/1406\/revisions"}],"predecessor-version":[{"id":1408,"href":"https:\/\/girasolmultimedios.com\/portal\/wp-json\/wp\/v2\/posts\/1406\/revisions\/1408"}],"wp:featuredmedia":[{"embeddable":true,"href":"https:\/\/girasolmultimedios.com\/portal\/wp-json\/wp\/v2\/media\/1407"}],"wp:attachment":[{"href":"https:\/\/girasolmultimedios.com\/portal\/wp-json\/wp\/v2\/media?parent=1406"}],"wp:term":[{"taxonomy":"category","embeddable":true,"href":"https:\/\/girasolmultimedios.com\/portal\/wp-json\/wp\/v2\/categories?post=1406"},{"taxonomy":"post_tag","embeddable":true,"href":"https:\/\/girasolmultimedios.com\/portal\/wp-json\/wp\/v2\/tags?post=1406"}],"curies":[{"name":"wp","href":"https:\/\/api.w.org\/{rel}","templated":true}]}}