{"id":1409,"date":"2025-10-22T09:54:43","date_gmt":"2025-10-22T15:54:43","guid":{"rendered":"https:\/\/girasolmultimedios.com\/portal\/?p=1409"},"modified":"2025-10-22T09:54:43","modified_gmt":"2025-10-22T15:54:43","slug":"plaga-de-langostas-devasta-cultivos-en-el-municipio-de-olanchito-yoro","status":"publish","type":"post","link":"https:\/\/girasolmultimedios.com\/portal\/plaga-de-langostas-devasta-cultivos-en-el-municipio-de-olanchito-yoro\/","title":{"rendered":"Plaga de langostas devasta cultivos en el municipio de Olanchito, Yoro."},"content":{"rendered":"\n<p><strong>Olanchito, Yoro.<\/strong> Una intensa plaga de <strong>langostas voladoras<\/strong> ha invadido los municipios de <strong>Olanchito y Arenal<\/strong>, en el departamento de <strong>Yoro<\/strong>, ocasionando <strong>graves da\u00f1os<\/strong> en los cultivos de <strong>frijol y ma\u00edz<\/strong>, alimentos b\u00e1sicos para cientos de familias campesinas de la zona.<\/p>\n\n\n\n<p>Productores locales denunciaron que esta es la <strong>tercera invasi\u00f3n<\/strong> registrada en la regi\u00f3n, aunque destacaron que en esta ocasi\u00f3n los insectos han alcanzado <strong>nuevas \u00e1reas productivas<\/strong>, agravando la <strong>crisis agr\u00edcola<\/strong>.<\/p>\n\n\n\n<blockquote class=\"wp-block-quote is-layout-flow wp-block-quote-is-layout-flow\">\n<p>\u201cEstamos preocupados por esa plaga que ha entrado; se ha comido frijolares y milpas\u201d, coment\u00f3 <strong>Jorge Salas<\/strong>, agricultor afectado, quien estim\u00f3 que las <strong>p\u00e9rdidas podr\u00edan superar el 60 %<\/strong> de la cosecha esperada para noviembre.<\/p>\n<\/blockquote>\n\n\n\n<p>Las <strong>langostas<\/strong>, reconocidas por su <strong>voracidad y capacidad de desplazamiento masivo<\/strong>, han generado <strong>alarma<\/strong> entre las autoridades locales y el <strong>sector agroalimentario<\/strong>.<\/p>\n\n\n\n<p>Ante la emergencia, el <strong>director del Servicio Nacional de Sanidad e Inocuidad Agroalimentaria (Senasa)<\/strong>, <strong>\u00c1ngel Emilio Aguilar<\/strong>, inform\u00f3 que se han <strong>desplegado brigadas t\u00e9cnicas<\/strong> para <strong>contener el avance<\/strong> de la plaga.<\/p>\n\n\n\n<p>Se est\u00e1n realizando <strong>aplicaciones qu\u00edmicas focalizadas<\/strong> y <strong>monitoreos constantes<\/strong> en las zonas m\u00e1s afectadas, aunque las autoridades advierten que el <strong>control total podr\u00eda requerir varias semanas<\/strong>.<\/p>\n\n\n\n<p>La infestaci\u00f3n ocurre en medio de <strong>sequ\u00edas intermitentes y lluvias irregulares<\/strong>, condiciones que han debilitado los cultivos y <strong>favorecido la proliferaci\u00f3n de plagas<\/strong> en la regi\u00f3n.<\/p>\n","protected":false},"excerpt":{"rendered":"<p>Olanchito, Yoro. Una intensa plaga de langostas voladoras ha invadido los municipios de Olanchito y Arenal, en el departamento de Yoro, ocasionando graves da\u00f1os en los cultivos de frijol y ma\u00edz, alimentos b\u00e1sicos para cientos de familias campesinas de la zona. Productores locales denunciaron que esta es la tercera invasi\u00f3n registrada en la regi\u00f3n, aunque [&hellip;]<\/p>\n","protected":false},"author":2,"featured_media":1410,"comment_status":"closed","ping_status":"open","sticky":false,"template":"","format":"standard","meta":{"_seopress_robots_primary_cat":"","_seopress_titles_title":"","_seopress_titles_desc":"","_seopress_robots_index":"","footnotes":""},"categories":[1],"tags":[],"class_list":["post-1409","post","type-post","status-publish","format-standard","has-post-thumbnail","hentry","category-sin-categoria"],"_links":{"self":[{"href":"https:\/\/girasolmultimedios.com\/portal\/wp-json\/wp\/v2\/posts\/1409","targetHints":{"allow":["GET"]}}],"collection":[{"href":"https:\/\/girasolmultimedios.com\/portal\/wp-json\/wp\/v2\/posts"}],"about":[{"href":"https:\/\/girasolmultimedios.com\/portal\/wp-json\/wp\/v2\/types\/post"}],"author":[{"embeddable":true,"href":"https:\/\/girasolmultimedios.com\/portal\/wp-json\/wp\/v2\/users\/2"}],"replies":[{"embeddable":true,"href":"https:\/\/girasolmultimedios.com\/portal\/wp-json\/wp\/v2\/comments?post=1409"}],"version-history":[{"count":1,"href":"https:\/\/girasolmultimedios.com\/portal\/wp-json\/wp\/v2\/posts\/1409\/revisions"}],"predecessor-version":[{"id":1411,"href":"https:\/\/girasolmultimedios.com\/portal\/wp-json\/wp\/v2\/posts\/1409\/revisions\/1411"}],"wp:featuredmedia":[{"embeddable":true,"href":"https:\/\/girasolmultimedios.com\/portal\/wp-json\/wp\/v2\/media\/1410"}],"wp:attachment":[{"href":"https:\/\/girasolmultimedios.com\/portal\/wp-json\/wp\/v2\/media?parent=1409"}],"wp:term":[{"taxonomy":"category","embeddable":true,"href":"https:\/\/girasolmultimedios.com\/portal\/wp-json\/wp\/v2\/categories?post=1409"},{"taxonomy":"post_tag","embeddable":true,"href":"https:\/\/girasolmultimedios.com\/portal\/wp-json\/wp\/v2\/tags?post=1409"}],"curies":[{"name":"wp","href":"https:\/\/api.w.org\/{rel}","templated":true}]}}