{"id":1415,"date":"2025-10-22T10:20:32","date_gmt":"2025-10-22T16:20:32","guid":{"rendered":"https:\/\/girasolmultimedios.com\/portal\/?p=1415"},"modified":"2025-10-22T10:20:32","modified_gmt":"2025-10-22T16:20:32","slug":"hallan-un-cadaver-abandonado-en-las-cercanias-del-cementerio-de-juticalpa","status":"publish","type":"post","link":"https:\/\/girasolmultimedios.com\/portal\/hallan-un-cadaver-abandonado-en-las-cercanias-del-cementerio-de-juticalpa\/","title":{"rendered":"Hallan un cad\u00e1ver abandonado en las cercan\u00edas del cementerio de Juticalpa."},"content":{"rendered":"\n<p>Un hombre fue hallado sin vida en una zona de maleza cercana al <strong>Cementerio General de Juticalpa<\/strong>, en el departamento de <strong>Olancho<\/strong>, una regi\u00f3n que contin\u00faa afectada por un preocupante aumento de la violencia.<\/p>\n\n\n\n<p>La <strong>v\u00edctima<\/strong>, a\u00fan <strong>no identificada<\/strong>, tendr\u00eda aproximadamente <strong>40 a\u00f1os<\/strong> y vest\u00eda <strong>camiseta roja, pantal\u00f3n jeans y tenis negros<\/strong>. Seg\u00fan los informes preliminares, el cuerpo presentaba <strong>alrededor de cuatro d\u00edas de descomposici\u00f3n<\/strong>.<\/p>\n\n\n\n<p>El <strong>Ministerio P\u00fablico<\/strong> realiz\u00f3 el levantamiento correspondiente y traslad\u00f3 el cuerpo a la <strong>morgue judicial<\/strong> para efectuar la autopsia.<\/p>\n\n\n\n<p>El hallazgo se produjo en horas de la tarde, cuando <strong>vecinos de la zona<\/strong> alertaron a las autoridades tras percibir un <strong>fuerte olor<\/strong> proveniente del lugar.<\/p>\n\n\n\n<p>Al sitio acudieron <strong>miembros del Cuerpo de Bomberos<\/strong>, la <strong>Polic\u00eda Nacional<\/strong> y la <strong>Direcci\u00f3n Policial de Investigaciones (DPI)<\/strong>, quienes <strong>acordonaron el \u00e1rea<\/strong> y comenzaron con las <strong>investigaciones<\/strong> para determinar las causas y circunstancias del deceso.<\/p>\n","protected":false},"excerpt":{"rendered":"<p>Un hombre fue hallado sin vida en una zona de maleza cercana al Cementerio General de Juticalpa, en el departamento de Olancho, una regi\u00f3n que contin\u00faa afectada por un preocupante aumento de la violencia. La v\u00edctima, a\u00fan no identificada, tendr\u00eda aproximadamente 40 a\u00f1os y vest\u00eda camiseta roja, pantal\u00f3n jeans y tenis negros. Seg\u00fan los informes [&hellip;]<\/p>\n","protected":false},"author":2,"featured_media":1416,"comment_status":"closed","ping_status":"open","sticky":false,"template":"","format":"standard","meta":{"_seopress_robots_primary_cat":"","_seopress_titles_title":"","_seopress_titles_desc":"","_seopress_robots_index":"","footnotes":""},"categories":[1],"tags":[],"class_list":["post-1415","post","type-post","status-publish","format-standard","has-post-thumbnail","hentry","category-sin-categoria"],"_links":{"self":[{"href":"https:\/\/girasolmultimedios.com\/portal\/wp-json\/wp\/v2\/posts\/1415","targetHints":{"allow":["GET"]}}],"collection":[{"href":"https:\/\/girasolmultimedios.com\/portal\/wp-json\/wp\/v2\/posts"}],"about":[{"href":"https:\/\/girasolmultimedios.com\/portal\/wp-json\/wp\/v2\/types\/post"}],"author":[{"embeddable":true,"href":"https:\/\/girasolmultimedios.com\/portal\/wp-json\/wp\/v2\/users\/2"}],"replies":[{"embeddable":true,"href":"https:\/\/girasolmultimedios.com\/portal\/wp-json\/wp\/v2\/comments?post=1415"}],"version-history":[{"count":1,"href":"https:\/\/girasolmultimedios.com\/portal\/wp-json\/wp\/v2\/posts\/1415\/revisions"}],"predecessor-version":[{"id":1417,"href":"https:\/\/girasolmultimedios.com\/portal\/wp-json\/wp\/v2\/posts\/1415\/revisions\/1417"}],"wp:featuredmedia":[{"embeddable":true,"href":"https:\/\/girasolmultimedios.com\/portal\/wp-json\/wp\/v2\/media\/1416"}],"wp:attachment":[{"href":"https:\/\/girasolmultimedios.com\/portal\/wp-json\/wp\/v2\/media?parent=1415"}],"wp:term":[{"taxonomy":"category","embeddable":true,"href":"https:\/\/girasolmultimedios.com\/portal\/wp-json\/wp\/v2\/categories?post=1415"},{"taxonomy":"post_tag","embeddable":true,"href":"https:\/\/girasolmultimedios.com\/portal\/wp-json\/wp\/v2\/tags?post=1415"}],"curies":[{"name":"wp","href":"https:\/\/api.w.org\/{rel}","templated":true}]}}