{"id":1421,"date":"2025-10-22T10:42:31","date_gmt":"2025-10-22T16:42:31","guid":{"rendered":"https:\/\/girasolmultimedios.com\/portal\/?p=1421"},"modified":"2025-10-22T10:42:32","modified_gmt":"2025-10-22T16:42:32","slug":"oim-el-40-1-de-los-hondurenos-vive-en-condiciones-de-pobreza-extrema","status":"publish","type":"post","link":"https:\/\/girasolmultimedios.com\/portal\/oim-el-40-1-de-los-hondurenos-vive-en-condiciones-de-pobreza-extrema\/","title":{"rendered":"OIM: El 40.1 % de los hondure\u00f1os vive en condiciones de pobreza extrema."},"content":{"rendered":"\n<p>Un <strong>informe de la Organizaci\u00f3n Internacional para las Migraciones (OIM)<\/strong> revel\u00f3 que la <strong>migraci\u00f3n de hondure\u00f1os hacia Estados Unidos<\/strong> se origina principalmente por <strong>factores estructurales<\/strong> como la <strong>falta de oportunidades econ\u00f3micas<\/strong>, la <strong>inseguridad ciudadana<\/strong> y los <strong>efectos de los fen\u00f3menos naturales<\/strong>, destacando que la <strong>extrema pobreza y el desempleo<\/strong> siguen siendo los principales detonantes de este fen\u00f3meno.<\/p>\n\n\n\n<p>Seg\u00fan el estudio, <strong>el 40.1 % de los hondure\u00f1os vive en situaci\u00f3n de pobreza extrema<\/strong>, mientras que <strong>3.6 millones de personas cuentan con empleos asalariados<\/strong>. Estos datos, de acuerdo con la OIM, reflejan la <strong>necesidad urgente de fortalecer los procesos de reintegraci\u00f3n laboral y econ\u00f3mica<\/strong> en el pa\u00eds.<\/p>\n\n\n\n<p>El <strong>jefe de Programas de la OIM, Roberto Canizales<\/strong>, se\u00f1al\u00f3 que el documento recopila informaci\u00f3n clave sobre el <strong>perfil y las necesidades de los migrantes retornados<\/strong>, quienes en su mayor\u00eda pertenecen a la <strong>poblaci\u00f3n econ\u00f3micamente activa<\/strong>, pero enfrentan <strong>barreras para acceder a empleos formales y de calidad<\/strong>.<\/p>\n\n\n\n<p>Canizales recomend\u00f3 al Estado hondure\u00f1o <strong>fortalecer las alianzas p\u00fablico-privadas<\/strong>, <strong>impulsar la formaci\u00f3n t\u00e9cnico-vocacional y los programas de certificaci\u00f3n de competencias<\/strong>, as\u00ed como <strong>apoyar a las peque\u00f1as y medianas empresas (Mipymes)<\/strong>, que representan el principal motor de empleo en el pa\u00eds. Adem\u00e1s, inst\u00f3 a <strong>reducir la brecha digital<\/strong>, especialmente entre las <strong>mujeres retornadas<\/strong>.<\/p>\n\n\n\n<p>El informe tambi\u00e9n advierte que los <strong>migrantes retornados<\/strong> enfrentan <strong>obst\u00e1culos estructurales<\/strong> que dificultan su reinserci\u00f3n econ\u00f3mica, lo que limita sus posibilidades de desarrollo.<\/p>\n\n\n\n<p>Asimismo, revela una <strong>marcada desigualdad de g\u00e9nero<\/strong> en la participaci\u00f3n laboral: <strong>el 73.9 % de los hombres<\/strong> forma parte del mercado de trabajo, frente a <strong>solo el 40.9 % de las mujeres<\/strong>. La <strong>brecha digital<\/strong> y las <strong>responsabilidades dom\u00e9sticas y de cuidado<\/strong> contribuyen a esta disparidad, aumentando la <strong>vulnerabilidad de las mujeres<\/strong> a empleos <strong>informales y precarios<\/strong>.<\/p>\n","protected":false},"excerpt":{"rendered":"<p>Un informe de la Organizaci\u00f3n Internacional para las Migraciones (OIM) revel\u00f3 que la migraci\u00f3n de hondure\u00f1os hacia Estados Unidos se origina principalmente por factores estructurales como la falta de oportunidades econ\u00f3micas, la inseguridad ciudadana y los efectos de los fen\u00f3menos naturales, destacando que la extrema pobreza y el desempleo siguen siendo los principales detonantes de [&hellip;]<\/p>\n","protected":false},"author":2,"featured_media":1422,"comment_status":"closed","ping_status":"open","sticky":false,"template":"","format":"standard","meta":{"_seopress_robots_primary_cat":"","_seopress_titles_title":"","_seopress_titles_desc":"","_seopress_robots_index":"","footnotes":""},"categories":[1],"tags":[],"class_list":["post-1421","post","type-post","status-publish","format-standard","has-post-thumbnail","hentry","category-sin-categoria"],"_links":{"self":[{"href":"https:\/\/girasolmultimedios.com\/portal\/wp-json\/wp\/v2\/posts\/1421","targetHints":{"allow":["GET"]}}],"collection":[{"href":"https:\/\/girasolmultimedios.com\/portal\/wp-json\/wp\/v2\/posts"}],"about":[{"href":"https:\/\/girasolmultimedios.com\/portal\/wp-json\/wp\/v2\/types\/post"}],"author":[{"embeddable":true,"href":"https:\/\/girasolmultimedios.com\/portal\/wp-json\/wp\/v2\/users\/2"}],"replies":[{"embeddable":true,"href":"https:\/\/girasolmultimedios.com\/portal\/wp-json\/wp\/v2\/comments?post=1421"}],"version-history":[{"count":1,"href":"https:\/\/girasolmultimedios.com\/portal\/wp-json\/wp\/v2\/posts\/1421\/revisions"}],"predecessor-version":[{"id":1423,"href":"https:\/\/girasolmultimedios.com\/portal\/wp-json\/wp\/v2\/posts\/1421\/revisions\/1423"}],"wp:featuredmedia":[{"embeddable":true,"href":"https:\/\/girasolmultimedios.com\/portal\/wp-json\/wp\/v2\/media\/1422"}],"wp:attachment":[{"href":"https:\/\/girasolmultimedios.com\/portal\/wp-json\/wp\/v2\/media?parent=1421"}],"wp:term":[{"taxonomy":"category","embeddable":true,"href":"https:\/\/girasolmultimedios.com\/portal\/wp-json\/wp\/v2\/categories?post=1421"},{"taxonomy":"post_tag","embeddable":true,"href":"https:\/\/girasolmultimedios.com\/portal\/wp-json\/wp\/v2\/tags?post=1421"}],"curies":[{"name":"wp","href":"https:\/\/api.w.org\/{rel}","templated":true}]}}