{"id":1425,"date":"2025-10-22T11:18:37","date_gmt":"2025-10-22T17:18:37","guid":{"rendered":"https:\/\/girasolmultimedios.com\/portal\/?p=1425"},"modified":"2025-10-22T11:18:37","modified_gmt":"2025-10-22T17:18:37","slug":"policia-pierde-la-vida-en-cumplimiento-de-su-deber-durante-ataque-armado-en-hospital-de-puerto-lempira","status":"publish","type":"post","link":"https:\/\/girasolmultimedios.com\/portal\/policia-pierde-la-vida-en-cumplimiento-de-su-deber-durante-ataque-armado-en-hospital-de-puerto-lempira\/","title":{"rendered":"Polic\u00eda pierde la vida en cumplimiento de su deber durante ataque armado en hospital de Puerto Lempira."},"content":{"rendered":"\n<p>La <strong>Polic\u00eda Nacional de Honduras<\/strong> confirm\u00f3 la madrugada de este <strong>mi\u00e9rcoles 22 de octubre<\/strong> el fallecimiento en cumplimiento del deber del <strong>agente Antonio Bosen Ben\u00edtez<\/strong>, quien perdi\u00f3 la vida durante un <strong>ataque armado registrado en el hospital de Puerto Lempira<\/strong>, departamento de <strong>Gracias a Dios<\/strong>.<\/p>\n\n\n\n<p>De acuerdo con el <strong>informe preliminar<\/strong>, varios hombres <strong>fuertemente armados<\/strong> irrumpieron en el centro asistencial donde se encontraba un <strong>detenido acusado de asesinato<\/strong>, bajo custodia policial mientras recib\u00eda atenci\u00f3n m\u00e9dica.<\/p>\n\n\n\n<p>Durante el enfrentamiento, los atacantes <strong>abrieron fuego contra los agentes<\/strong>, provocando la <strong>muerte inmediata de Bosen Ben\u00edtez<\/strong> y dejando a <strong>otro polic\u00eda gravemente herido<\/strong>.<\/p>\n\n\n\n<p>El detenido hospitalizado hab\u00eda sido herido d\u00edas antes, tras verse involucrado en un <strong>homicidio ocurrido en la comunidad de Las Mar\u00edas, Brus Laguna<\/strong>, raz\u00f3n por la que permanec\u00eda bajo <strong>estricta vigilancia policial<\/strong>.<\/p>\n\n\n\n<blockquote class=\"wp-block-quote is-layout-flow wp-block-quote-is-layout-flow\">\n<p>\u201cIndividuos desconocidos llegaron y le dispararon con arma de fuego, desafortunadamente caus\u00e1ndole la muerte\u201d, explic\u00f3 el <strong>subcomisario Edgardo Barahona<\/strong>, portavoz de la Polic\u00eda Nacional, en declaraciones a <em>Noticieros Hoy Mismo<\/em> de TSi.<\/p>\n<\/blockquote>\n\n\n\n<p>Hasta el momento, las autoridades <strong>no han confirmado el objetivo exacto del ataque ni el n\u00famero de agresores<\/strong>, aunque se realizan <strong>operativos en diferentes zonas de La Mosquitia<\/strong> para dar con los responsables.<\/p>\n\n\n\n<p>La <strong>Polic\u00eda Nacional<\/strong> lament\u00f3 el suceso mediante un comunicado oficial, expresando:<\/p>\n\n\n\n<blockquote class=\"wp-block-quote is-layout-flow wp-block-quote-is-layout-flow\">\n<p>\u201cLamentamos informar el fallecimiento en cumplimiento del deber de nuestro agente de Polic\u00eda, Antonio Bosen Ben\u00edtez.\u201d<\/p>\n<\/blockquote>\n\n\n\n<p>El cuerpo del agente ser\u00e1 <strong>trasladado a su comunidad de origen<\/strong>, donde recibir\u00e1 <strong>honores policiales<\/strong> como muestra de reconocimiento a su <strong>entrega, servicio y sacrificio<\/strong>.<\/p>\n","protected":false},"excerpt":{"rendered":"<p>La Polic\u00eda Nacional de Honduras confirm\u00f3 la madrugada de este mi\u00e9rcoles 22 de octubre el fallecimiento en cumplimiento del deber del agente Antonio Bosen Ben\u00edtez, quien perdi\u00f3 la vida durante un ataque armado registrado en el hospital de Puerto Lempira, departamento de Gracias a Dios. De acuerdo con el informe preliminar, varios hombres fuertemente armados [&hellip;]<\/p>\n","protected":false},"author":2,"featured_media":0,"comment_status":"closed","ping_status":"open","sticky":false,"template":"","format":"standard","meta":{"_seopress_robots_primary_cat":"","_seopress_titles_title":"","_seopress_titles_desc":"","_seopress_robots_index":"","footnotes":""},"categories":[1],"tags":[],"class_list":["post-1425","post","type-post","status-publish","format-standard","hentry","category-sin-categoria"],"_links":{"self":[{"href":"https:\/\/girasolmultimedios.com\/portal\/wp-json\/wp\/v2\/posts\/1425","targetHints":{"allow":["GET"]}}],"collection":[{"href":"https:\/\/girasolmultimedios.com\/portal\/wp-json\/wp\/v2\/posts"}],"about":[{"href":"https:\/\/girasolmultimedios.com\/portal\/wp-json\/wp\/v2\/types\/post"}],"author":[{"embeddable":true,"href":"https:\/\/girasolmultimedios.com\/portal\/wp-json\/wp\/v2\/users\/2"}],"replies":[{"embeddable":true,"href":"https:\/\/girasolmultimedios.com\/portal\/wp-json\/wp\/v2\/comments?post=1425"}],"version-history":[{"count":1,"href":"https:\/\/girasolmultimedios.com\/portal\/wp-json\/wp\/v2\/posts\/1425\/revisions"}],"predecessor-version":[{"id":1426,"href":"https:\/\/girasolmultimedios.com\/portal\/wp-json\/wp\/v2\/posts\/1425\/revisions\/1426"}],"wp:attachment":[{"href":"https:\/\/girasolmultimedios.com\/portal\/wp-json\/wp\/v2\/media?parent=1425"}],"wp:term":[{"taxonomy":"category","embeddable":true,"href":"https:\/\/girasolmultimedios.com\/portal\/wp-json\/wp\/v2\/categories?post=1425"},{"taxonomy":"post_tag","embeddable":true,"href":"https:\/\/girasolmultimedios.com\/portal\/wp-json\/wp\/v2\/tags?post=1425"}],"curies":[{"name":"wp","href":"https:\/\/api.w.org\/{rel}","templated":true}]}}