{"id":1440,"date":"2025-10-23T11:19:24","date_gmt":"2025-10-23T17:19:24","guid":{"rendered":"https:\/\/girasolmultimedios.com\/portal\/?p=1440"},"modified":"2025-10-23T11:19:25","modified_gmt":"2025-10-23T17:19:25","slug":"sarahi-vasquez-impulsa-la-ley-tea-para-garantizar-la-inclusion-de-personas-con-autismo","status":"publish","type":"post","link":"https:\/\/girasolmultimedios.com\/portal\/sarahi-vasquez-impulsa-la-ley-tea-para-garantizar-la-inclusion-de-personas-con-autismo\/","title":{"rendered":"Sarah\u00ed V\u00e1squez impulsa la Ley TEA para garantizar la inclusi\u00f3n de personas con autismo"},"content":{"rendered":"\n<p>En Honduras, miles de familias enfrentan cada d\u00eda el reto y el amor de criar a un ni\u00f1o o ni\u00f1a con Trastorno del Espectro Autista (TEA). Aunque el pa\u00eds cuenta con una Ley de Equidad y Desarrollo Integral para las Personas con Discapacidad, a\u00fan no existe una legislaci\u00f3n espec\u00edfica que proteja los derechos, inclusi\u00f3n y atenci\u00f3n integral de las personas con autismo.<\/p>\n\n\n\n<p>Ante esta realidad, la diputada Sarah\u00ed V\u00e1squez ha asumido el compromiso de impulsar la Ley TEA, un proyecto que busca garantizar el reconocimiento, la atenci\u00f3n y el apoyo estatal a las personas con esta condici\u00f3n y a sus familias.<\/p>\n\n\n\n<p>\u201cLa Ley TEA busca reconocer lo que ya es una realidad: que cada persona dentro del espectro tiene un enorme potencial, y es deber del Estado crear las condiciones para que puedan desarrollarlo plenamente\u201d, expres\u00f3 V\u00e1squez.<\/p>\n\n\n\n<p>De aprobarse, la Ley TEA representar\u00eda un avance hist\u00f3rico en materia de inclusi\u00f3n, al promover:<\/p>\n\n\n\n<ul class=\"wp-block-list\">\n<li>Atenci\u00f3n temprana y diagn\u00f3sticos accesibles.<\/li>\n\n\n\n<li>Educaci\u00f3n inclusiva adaptada a las necesidades individuales.<\/li>\n\n\n\n<li>Capacitaci\u00f3n especializada para docentes, personal m\u00e9dico y psicopedag\u00f3gico.<\/li>\n\n\n\n<li>Apoyo integral a las familias que actualmente enfrentan el autismo sin respaldo institucional.<\/li>\n<\/ul>\n\n\n\n<p>La diputada subraya que impulsar esta ley no solo es un acto de justicia, sino tambi\u00e9n de amor, al reconocer la diversidad como un valor que fortalece a la sociedad hondure\u00f1a.<\/p>\n","protected":false},"excerpt":{"rendered":"<p>En Honduras, miles de familias enfrentan cada d\u00eda el reto y el amor de criar a un ni\u00f1o o ni\u00f1a con Trastorno del Espectro Autista (TEA). Aunque el pa\u00eds cuenta con una Ley de Equidad y Desarrollo Integral para las Personas con Discapacidad, a\u00fan no existe una legislaci\u00f3n espec\u00edfica que proteja los derechos, inclusi\u00f3n y [&hellip;]<\/p>\n","protected":false},"author":2,"featured_media":1441,"comment_status":"closed","ping_status":"open","sticky":false,"template":"","format":"standard","meta":{"_seopress_robots_primary_cat":"","_seopress_titles_title":"","_seopress_titles_desc":"","_seopress_robots_index":"","footnotes":""},"categories":[1],"tags":[],"class_list":["post-1440","post","type-post","status-publish","format-standard","has-post-thumbnail","hentry","category-sin-categoria"],"_links":{"self":[{"href":"https:\/\/girasolmultimedios.com\/portal\/wp-json\/wp\/v2\/posts\/1440","targetHints":{"allow":["GET"]}}],"collection":[{"href":"https:\/\/girasolmultimedios.com\/portal\/wp-json\/wp\/v2\/posts"}],"about":[{"href":"https:\/\/girasolmultimedios.com\/portal\/wp-json\/wp\/v2\/types\/post"}],"author":[{"embeddable":true,"href":"https:\/\/girasolmultimedios.com\/portal\/wp-json\/wp\/v2\/users\/2"}],"replies":[{"embeddable":true,"href":"https:\/\/girasolmultimedios.com\/portal\/wp-json\/wp\/v2\/comments?post=1440"}],"version-history":[{"count":1,"href":"https:\/\/girasolmultimedios.com\/portal\/wp-json\/wp\/v2\/posts\/1440\/revisions"}],"predecessor-version":[{"id":1442,"href":"https:\/\/girasolmultimedios.com\/portal\/wp-json\/wp\/v2\/posts\/1440\/revisions\/1442"}],"wp:featuredmedia":[{"embeddable":true,"href":"https:\/\/girasolmultimedios.com\/portal\/wp-json\/wp\/v2\/media\/1441"}],"wp:attachment":[{"href":"https:\/\/girasolmultimedios.com\/portal\/wp-json\/wp\/v2\/media?parent=1440"}],"wp:term":[{"taxonomy":"category","embeddable":true,"href":"https:\/\/girasolmultimedios.com\/portal\/wp-json\/wp\/v2\/categories?post=1440"},{"taxonomy":"post_tag","embeddable":true,"href":"https:\/\/girasolmultimedios.com\/portal\/wp-json\/wp\/v2\/tags?post=1440"}],"curies":[{"name":"wp","href":"https:\/\/api.w.org\/{rel}","templated":true}]}}