{"id":1447,"date":"2025-10-23T11:45:53","date_gmt":"2025-10-23T17:45:53","guid":{"rendered":"https:\/\/girasolmultimedios.com\/portal\/?p=1447"},"modified":"2025-10-23T11:45:53","modified_gmt":"2025-10-23T17:45:53","slug":"canciller-bu-soto-no-esta-en-riesgo-la-democracia-el-cne-ha-avanzado-mucho","status":"publish","type":"post","link":"https:\/\/girasolmultimedios.com\/portal\/canciller-bu-soto-no-esta-en-riesgo-la-democracia-el-cne-ha-avanzado-mucho\/","title":{"rendered":"Canciller B\u00fa Soto: \u201cNo est\u00e1 en riesgo la democracia, el CNE ha avanzado mucho\u201d"},"content":{"rendered":"\n<p>El canciller de Honduras, Javier Bu Soto declar\u00f3 que la democracia no est\u00e1 en riesgo en el pa\u00eds, adem\u00e1s de recalcar que el Consejo Nacional Electoral (CNE), ha avanzado mucho y que hay 64 misiones de observadores aprobadas, por lo que enfatiz\u00f3 que estas elecciones ser\u00e1n las m\u00e1s observadas.<\/p>\n\n\n\n<p>\u201cNo est\u00e1 en riesgo la democracia, el CNE ha avanzado mucho, de verdad, desde el momento en que estaban despu\u00e9s de marzo, ha avanzado mucho, yo veo que ha habido muchos avances, hay 64 misiones observatorias aprobadas por el mundo entero\u201d, indic\u00f3 el canciller B\u00fa Soto.<\/p>\n\n\n\n<p>Asimismo, el canciller sostuvo para estos comicios \u201ccreo que todo va a salir bien, hay que ser optimistas, hay que tener optimismo\u201d, a lo que a\u00f1adi\u00f3 que por parte de la presidenta Xiomara de Zelaya \u201cluch\u00f3 por la democracia durante 12 a\u00f1os y 7 meses, ella va a defender la democracia, y lo he dicho, si la escuchan, desde el comienzo la presidenta Castro ha dicho, aqu\u00ed van a haber elecciones libres y democr\u00e1ticas\u201d.<\/p>\n","protected":false},"excerpt":{"rendered":"<p>El canciller de Honduras, Javier Bu Soto declar\u00f3 que la democracia no est\u00e1 en riesgo en el pa\u00eds, adem\u00e1s de recalcar que el Consejo Nacional Electoral (CNE), ha avanzado mucho y que hay 64 misiones de observadores aprobadas, por lo que enfatiz\u00f3 que estas elecciones ser\u00e1n las m\u00e1s observadas. \u201cNo est\u00e1 en riesgo la democracia, [&hellip;]<\/p>\n","protected":false},"author":2,"featured_media":1448,"comment_status":"closed","ping_status":"open","sticky":false,"template":"","format":"standard","meta":{"_seopress_robots_primary_cat":"","_seopress_titles_title":"","_seopress_titles_desc":"","_seopress_robots_index":"","footnotes":""},"categories":[1],"tags":[],"class_list":["post-1447","post","type-post","status-publish","format-standard","has-post-thumbnail","hentry","category-sin-categoria"],"_links":{"self":[{"href":"https:\/\/girasolmultimedios.com\/portal\/wp-json\/wp\/v2\/posts\/1447","targetHints":{"allow":["GET"]}}],"collection":[{"href":"https:\/\/girasolmultimedios.com\/portal\/wp-json\/wp\/v2\/posts"}],"about":[{"href":"https:\/\/girasolmultimedios.com\/portal\/wp-json\/wp\/v2\/types\/post"}],"author":[{"embeddable":true,"href":"https:\/\/girasolmultimedios.com\/portal\/wp-json\/wp\/v2\/users\/2"}],"replies":[{"embeddable":true,"href":"https:\/\/girasolmultimedios.com\/portal\/wp-json\/wp\/v2\/comments?post=1447"}],"version-history":[{"count":1,"href":"https:\/\/girasolmultimedios.com\/portal\/wp-json\/wp\/v2\/posts\/1447\/revisions"}],"predecessor-version":[{"id":1449,"href":"https:\/\/girasolmultimedios.com\/portal\/wp-json\/wp\/v2\/posts\/1447\/revisions\/1449"}],"wp:featuredmedia":[{"embeddable":true,"href":"https:\/\/girasolmultimedios.com\/portal\/wp-json\/wp\/v2\/media\/1448"}],"wp:attachment":[{"href":"https:\/\/girasolmultimedios.com\/portal\/wp-json\/wp\/v2\/media?parent=1447"}],"wp:term":[{"taxonomy":"category","embeddable":true,"href":"https:\/\/girasolmultimedios.com\/portal\/wp-json\/wp\/v2\/categories?post=1447"},{"taxonomy":"post_tag","embeddable":true,"href":"https:\/\/girasolmultimedios.com\/portal\/wp-json\/wp\/v2\/tags?post=1447"}],"curies":[{"name":"wp","href":"https:\/\/api.w.org\/{rel}","templated":true}]}}